{"id":1225768,"date":"2021-04-30T18:53:04","date_gmt":"2021-04-30T23:53:04","guid":{"rendered":"https:\/\/www.acapulcopress.com\/?p=1225768"},"modified":"2021-04-30T18:53:04","modified_gmt":"2021-04-30T23:53:04","slug":"mas-del-50-de-guerrerenses-reconocen-que-mario-moreno-fue-el-mejor-en-el-debate","status":"publish","type":"post","link":"https:\/\/www.acapulcopress.com\/index.php\/2021\/04\/30\/mas-del-50-de-guerrerenses-reconocen-que-mario-moreno-fue-el-mejor-en-el-debate\/","title":{"rendered":"M\u00e1s del 50% de guerrerenses reconocen que Mario Moreno fue el mejor en el &#8216;Debate&#8217;"},"content":{"rendered":"<p style=\"text-align: justify;\"><strong><img loading=\"lazy\" decoding=\"async\" class=\"alignnone wp-image-1225770 size-large\" src=\"https:\/\/www.acapulco.press\/wp-content\/uploads\/2021\/04\/MARIO-TEHE-BEST-840x473.jpg\" alt=\"\" width=\"840\" height=\"473\" \/><\/strong><\/p>\n<p style=\"text-align: justify;\">* 12 y 20 por ciento alcanzaron dos de sus adversarios pol\u00edticos, revela encuesta de la empresa <em><strong>De las Heras.<\/strong><br \/>\n<\/em><br \/>\n] CHILPANCINGO. &#8216; 30 de abril de 2021.<br \/>\n<em>) Especial.<\/em><\/p>\n<p style=\"text-align: justify;\">El candidato de la alianza PRI-PRD Mario Moreno Arcos, fue el mejor en el primer debate organizado por el Instituto Electoral y de Participaci\u00f3n Ciudadana del estado de Guerrero, con un 52 por ciento de la opini\u00f3n ciudadana, de acuerdo a un ejercicio demot\u00e9cnico de la empresa De las Heras, realizado ayer v\u00eda telef\u00f3nica a la ciudadan\u00eda guerrerense.<\/p>\n<p style=\"text-align: justify;\">A la pregunta cu\u00e1l candidato fue el mejor, 52 por ciento consider\u00f3 que lo fue el abanderado de la alianza PRI-PRD, Mario Moreno Arcos, debido a las respuestas, propuestas y planteamientos que expuso.<\/p>\n<p style=\"text-align: justify;\">Seguido por el representante en esta contienda del PT y PVEM, Pedro Segura, con un 20 por ciento, y Manuel Negrete Arias, de Fuerza por M\u00e9xico, con un 12 por ciento.<\/p>\n<p style=\"text-align: justify;\">Definieron como ganador del debate al abanderado de Va por M\u00e9xico, Mario Moreno, con un 43 por ciento de las opiniones, en tanto que Pedro Segura de la alianza PT, Partido Verde recibi\u00f3 un 26 por ciento de opiniones favorables e Irma Lilia Garz\u00f3n del PAN, alcanz\u00f3 un 9 por ciento.<\/p>\n<p style=\"text-align: justify;\">Entre otras preguntas, De las Heras cuestion\u00f3 sobre la fecha de la elecci\u00f3n y un 63 por ciento de la poblaci\u00f3n encuestada, sabe que ser\u00e1 el pr\u00f3ximo 6 de junio.<\/p>\n<p style=\"text-align: justify;\">Un 14 por ciento que es en ese mes, pero no el d\u00eda. 2 por ciento que es \u00e9ste a\u00f1o y 8 por ciento que ser\u00e1 en otra fecha.<\/p>\n<p style=\"text-align: justify;\">La encuesta se realiz\u00f3 ayer en Guerrero y fue publicada este viernes, a trav\u00e9s de la p\u00e1gina de la empresa encuestadora y de distintos medios de comunicaci\u00f3n del pa\u00eds.<\/p>\n<p style=\"text-align: justify;\"><img loading=\"lazy\" decoding=\"async\" class=\"alignnone wp-image-1225769 size-large\" src=\"https:\/\/www.acapulco.press\/wp-content\/uploads\/2021\/04\/DEBATE-MMA-840x529.png\" alt=\"\" width=\"840\" height=\"529\" \/><\/p>\n","protected":false},"excerpt":{"rendered":"<p>* 12 y 20 por ciento alcanzaron dos de sus adversarios pol\u00edticos, revela encuesta de la empresa De las Heras. ] CHILPANCINGO. &#8216; 30 de abril de 2021. ) Especial. El candidato de la alianza PRI-PRD Mario Moreno Arcos, fue el mejor en el primer debate organizado por el Instituto Electoral y de Participaci\u00f3n Ciudadana&#8230;<\/p>\n","protected":false},"author":2,"featured_media":1225781,"comment_status":"closed","ping_status":"closed","sticky":false,"template":"","format":"standard","meta":{"footnotes":""},"categories":[2052,18561],"tags":[2914,5941,7011,12684,12685,14439],"class_list":["post-1225768","post","type-post","status-publish","format-standard","has-post-thumbnail","hentry","category-elecciones","category-society-politics","tag-vaxguerrero","tag-coalicion-pri-prd-eleccion-guerrero-2021","tag-de-las-heras","tag-mario-moreno","tag-mario-moreno-arcos","tag-pedro-segura-balladares"],"_links":{"self":[{"href":"https:\/\/www.acapulcopress.com\/index.php\/wp-json\/wp\/v2\/posts\/1225768","targetHints":{"allow":["GET"]}}],"collection":[{"href":"https:\/\/www.acapulcopress.com\/index.php\/wp-json\/wp\/v2\/posts"}],"about":[{"href":"https:\/\/www.acapulcopress.com\/index.php\/wp-json\/wp\/v2\/types\/post"}],"author":[{"embeddable":true,"href":"https:\/\/www.acapulcopress.com\/index.php\/wp-json\/wp\/v2\/users\/2"}],"replies":[{"embeddable":true,"href":"https:\/\/www.acapulcopress.com\/index.php\/wp-json\/wp\/v2\/comments?post=1225768"}],"version-history":[{"count":0,"href":"https:\/\/www.acapulcopress.com\/index.php\/wp-json\/wp\/v2\/posts\/1225768\/revisions"}],"wp:featuredmedia":[{"embeddable":true,"href":"https:\/\/www.acapulcopress.com\/index.php\/wp-json\/"}],"wp:attachment":[{"href":"https:\/\/www.acapulcopress.com\/index.php\/wp-json\/wp\/v2\/media?parent=1225768"}],"wp:term":[{"taxonomy":"category","embeddable":true,"href":"https:\/\/www.acapulcopress.com\/index.php\/wp-json\/wp\/v2\/categories?post=1225768"},{"taxonomy":"post_tag","embeddable":true,"href":"https:\/\/www.acapulcopress.com\/index.php\/wp-json\/wp\/v2\/tags?post=1225768"}],"curies":[{"name":"wp","href":"https:\/\/api.w.org\/{rel}","templated":true}]}}