{"id":1225787,"date":"2021-04-30T19:28:23","date_gmt":"2021-05-01T00:28:23","guid":{"rendered":"https:\/\/www.acapulcopress.com\/?p=1225787"},"modified":"2021-04-30T19:28:23","modified_gmt":"2021-05-01T00:28:23","slug":"sere-aliado-de-los-sectores-productivos-de-guerrero-mario-moreno-arcos","status":"publish","type":"post","link":"https:\/\/www.acapulcopress.com\/index.php\/2021\/04\/30\/sere-aliado-de-los-sectores-productivos-de-guerrero-mario-moreno-arcos\/","title":{"rendered":"Ser\u00e9 aliado de los sectores productivos de Guerrero | Mario Moreno Arcos"},"content":{"rendered":"<p style=\"text-align: justify;\"><img loading=\"lazy\" decoding=\"async\" class=\"alignnone wp-image-1225780 size-large\" src=\"https:\/\/www.acapulco.press\/wp-content\/uploads\/2021\/04\/MARIOACA10-840x560.jpeg\" alt=\"\" width=\"840\" height=\"560\" \/><\/p>\n<p>] ACAPULCO. &#8216; 30 de abril de 2021.<br \/>\n<em>) Especial<\/em>.<\/p>\n<p style=\"text-align: justify;\">Al acudir como invitado especial al encuentro con l\u00edderes integrantes del Consejo de C\u00e1maras Industriales y Empresariales de Guerrero (Concaingro), el candidato de la alianza PRI\/PRD Mario Moreno Arcos, se\u00f1al\u00f3 que ser\u00e1 \u00abun aliado de cada uno de los sectores productivos\u00bb para lograr \u00abesa transformaci\u00f3n que se necesita\u00bb.<\/p>\n<p style=\"text-align: justify;\"><img loading=\"lazy\" decoding=\"async\" class=\"alignleft size-medium wp-image-1225779\" src=\"https:\/\/www.acapulco.press\/wp-content\/uploads\/2021\/04\/MARIOACA9-375x250.jpeg\" alt=\"\" width=\"375\" height=\"250\" \/>En la reuni\u00f3n que convoc\u00f3 a m\u00e1s de 32 c\u00e1maras y organizaciones empresariales del estado, en el puerto de Acapulco, el abanderado del proyecto<em> Va por Guerrero<\/em> enfatiz\u00f3 que en primer lugar dar\u00e1 \u00abcontinuidad a un gobierno que ha dado resultados\u00bb, como lo es la administraci\u00f3n estatal actual, y como ejemplo puso al tema de seguridad, que ha tenido resultados palpables.<\/p>\n<p style=\"text-align: justify;\">\u00abEmpezar a construir juntos el Plan Estatal de Desarrollo, enfocado a cada uno de los sectores productivos y reactivar el potencial de Guerrero\u00bb fue el planteamiento que Moreno Arcos hizo en el inter\u00e9s de considerar a la industria, el turismo, el campo, la ganader\u00eda, la pesca, la miner\u00eda y todas aquellas actividades econ\u00f3micas en la entidad, porque as\u00ed gana Guerrero, dijo.<\/p>\n<p style=\"text-align: justify;\"><img loading=\"lazy\" decoding=\"async\" class=\"alignleft size-medium wp-image-1225777\" src=\"https:\/\/www.acapulco.press\/wp-content\/uploads\/2021\/04\/MARIOACA7-375x250.jpeg\" alt=\"\" width=\"375\" height=\"250\" \/>A nombre del Concaingro, su presidente Juli\u00e1n Uri\u00f3stegui, dijo que como empresarios \u00abConocemos a Mario Moreno como un pol\u00edtico profesional y muy serio\u00bb por lo que refiri\u00f3 conf\u00edan en que dar\u00e1 certeza a la iniciativa privada para abonar al desarrollo econ\u00f3mico del estado.<\/p>\n<p style=\"text-align: justify;\">Los industriales y empresarios peque\u00f1os, medianos y grandes, externaron las preocupaciones que tiene el sector como apoyos para la reactivaci\u00f3n econ\u00f3mica derivado de la pandemia, la certificaci\u00f3n de productos, mantener la pol\u00edtica p\u00fablica a empresas guerrerenses, fortalecer el estado de derecho, promover la zona franca la Uni\u00f3n-L\u00e1zaro C\u00e1rdenas <img loading=\"lazy\" decoding=\"async\" class=\"alignleft size-medium wp-image-1225776\" src=\"https:\/\/www.acapulco.press\/wp-content\/uploads\/2021\/04\/MARIOACA6-375x250.jpeg\" alt=\"\" width=\"375\" height=\"250\" \/>y la Riviera San Marcos, as\u00ed como la miner\u00eda y que el campo tenga un enfoque industrial.<\/p>\n<p style=\"text-align: justify;\">\u00abMario te vi levantar Chilpancingo cuando tuvimos la contingencia de Ingrid y Manuel, conf\u00edo en tu responsabilidad y tenacidad\u00bb fue el pronunciamiento que hizo ante sus amigos empresarios, Blanca Andrea Morales, presidenta de<br \/>\nC\u00e1mara Nacional de la Industria de Restaurantes y Alimentos Condimentados de Chilpancingo (Canirac).<\/p>\n<p style=\"text-align: justify;\">Convencido de que Guerrero tienen un enorme potencial, solo \u00abhace falta activarlo y reactivarlo\u00bb, Mario Moreno hizo el compromiso de trabajar de la mano de los empresarios de todo el estado para hacer una inversi\u00f3n sin precedente al campo guerrerense y atraer inversiones p\u00fablico privadas<\/p>\n<p style=\"text-align: justify;\">En este mismo sentido dijo que habr\u00e1 de \u00abtocar la puerta del gobierno federal para la inversi\u00f3n p\u00fablica\u00bb y buscar que \u00ablos productos del campo de Guerrero se les pueda dar valor agregado, que se complete la cadena productiva a efecto de detonar el desarrollo\u00bb.<\/p>\n<p style=\"text-align: justify;\">Moreno Arcos recibi\u00f3 de mano de los empresarios la agenda del sector privado de Guerrero, donde se enlista una serie de propuestas para trabajar con \u00e9l, en los pr\u00f3ximos 6 a\u00f1os.<\/p>\n<p style=\"text-align: justify;\">Mario Moreno, candidato de la alianza PRI-PRD, es el \u00fanico que se ha reunido con los empresarios que representan el 96% de las inversiones privadas en el estado.<\/p>\n","protected":false},"excerpt":{"rendered":"<p>] ACAPULCO. &#8216; 30 de abril de 2021. ) Especial. Al acudir como invitado especial al encuentro con l\u00edderes integrantes del Consejo de C\u00e1maras Industriales y Empresariales de Guerrero (Concaingro), el candidato de la alianza PRI\/PRD Mario Moreno Arcos, se\u00f1al\u00f3 que ser\u00e1 \u00abun aliado de cada uno de los sectores productivos\u00bb para lograr \u00abesa transformaci\u00f3n&#8230;<\/p>\n","protected":false},"author":2,"featured_media":1225775,"comment_status":"closed","ping_status":"closed","sticky":false,"template":"","format":"standard","meta":{"footnotes":""},"categories":[2053,1972],"tags":[2914,5008,5941,12685,13965],"class_list":["post-1225787","post","type-post","status-publish","format-standard","has-post-thumbnail","hentry","category-elecciones-special","category-special","tag-vaxguerrero","tag-camara-nacional-de-la-industria-de-restaurantes-y-alimentos-condimentados-canirac","tag-coalicion-pri-prd-eleccion-guerrero-2021","tag-mario-moreno-arcos","tag-onsejo-de-camaras-industriales-y-empresariales-de-guerrero-concaingro"],"_links":{"self":[{"href":"https:\/\/www.acapulcopress.com\/index.php\/wp-json\/wp\/v2\/posts\/1225787","targetHints":{"allow":["GET"]}}],"collection":[{"href":"https:\/\/www.acapulcopress.com\/index.php\/wp-json\/wp\/v2\/posts"}],"about":[{"href":"https:\/\/www.acapulcopress.com\/index.php\/wp-json\/wp\/v2\/types\/post"}],"author":[{"embeddable":true,"href":"https:\/\/www.acapulcopress.com\/index.php\/wp-json\/wp\/v2\/users\/2"}],"replies":[{"embeddable":true,"href":"https:\/\/www.acapulcopress.com\/index.php\/wp-json\/wp\/v2\/comments?post=1225787"}],"version-history":[{"count":0,"href":"https:\/\/www.acapulcopress.com\/index.php\/wp-json\/wp\/v2\/posts\/1225787\/revisions"}],"wp:featuredmedia":[{"embeddable":true,"href":"https:\/\/www.acapulcopress.com\/index.php\/wp-json\/"}],"wp:attachment":[{"href":"https:\/\/www.acapulcopress.com\/index.php\/wp-json\/wp\/v2\/media?parent=1225787"}],"wp:term":[{"taxonomy":"category","embeddable":true,"href":"https:\/\/www.acapulcopress.com\/index.php\/wp-json\/wp\/v2\/categories?post=1225787"},{"taxonomy":"post_tag","embeddable":true,"href":"https:\/\/www.acapulcopress.com\/index.php\/wp-json\/wp\/v2\/tags?post=1225787"}],"curies":[{"name":"wp","href":"https:\/\/api.w.org\/{rel}","templated":true}]}}