{"id":1225793,"date":"2021-04-30T19:46:00","date_gmt":"2021-05-01T00:46:00","guid":{"rendered":"https:\/\/www.acapulcopress.com\/?p=1225793"},"modified":"2021-04-30T19:46:00","modified_gmt":"2021-05-01T00:46:00","slug":"firma-mario-moreno-compromiso-con-productores-de-limon","status":"publish","type":"post","link":"https:\/\/www.acapulcopress.com\/index.php\/2021\/04\/30\/firma-mario-moreno-compromiso-con-productores-de-limon\/","title":{"rendered":"Firma Mario Moreno compromiso con productores de lim\u00f3n"},"content":{"rendered":"<p style=\"text-align: justify;\">] CHILPANCINGO. &#8216; 30 de abril de 2021.<br \/>\n<em>) Especial.<\/em><\/p>\n<p style=\"text-align: justify;\">El candidato a gobernador del PRI-PRD, Mario Moreno Arcos, firm\u00f3 ocho compromisos con Productores de Lim\u00f3n <img loading=\"lazy\" decoding=\"async\" class=\"alignleft size-medium wp-image-1225803\" src=\"https:\/\/www.acapulco.press\/wp-content\/uploads\/2021\/04\/MARIO-COMPROMISO-LIMON11-375x250.jpeg\" alt=\"\" width=\"375\" height=\"250\" \/>en el poblado conocido como Agua Caliente, municipio de Acapulco, lo que permitir\u00e1 la recuperaci\u00f3n econ\u00f3mica de este sector que ha sido golpeado por la pandemia.<\/p>\n<p style=\"text-align: justify;\">En un encuentro al que acudi\u00f3 como invitado y donde estuvieron presentes productores representados por el presidente del Consejo del Lim\u00f3n en Guerrero, Jorge Luna S\u00e1nchez, firm\u00f3 compromisos que les benefician directamente.<\/p>\n<p style=\"text-align: justify;\">Estos son: primero, apertura a la industria del lim\u00f3n; segundo, operaci\u00f3n de la empacadora del lim\u00f3n; tercero, 100 <img loading=\"lazy\" decoding=\"async\" class=\"alignleft size-medium wp-image-1225802\" src=\"https:\/\/www.acapulco.press\/wp-content\/uploads\/2021\/04\/MARIO-COMPROMISO-LIMON10-375x250.jpeg\" alt=\"\" width=\"375\" height=\"250\" \/>mil plantas de lim\u00f3n injertado; cuatro, pozos y bordos de agua; cinco, electrificaci\u00f3n agr\u00edcola; seis, sistema de riego con equipo de bombeo; siete, fertilizante para cultivo de lim\u00f3n y la petici\u00f3n ocho, equipo de poda y corte del lim\u00f3n al 50 por ciento.<\/p>\n<p style=\"text-align: justify;\">El candidato de la alianza<em> Va por Guerrero,<\/em> reconoci\u00f3 que la industria limonera de Guerrero necesita el apoyo coordinado de las autoridades gubernamentales.<\/p>\n<p style=\"text-align: justify;\">\u201cEfectivamente el lim\u00f3n es un producto que ocupa en el caso de Guerrero el cuarto lugar, pero la idea es que hoy nos <img loading=\"lazy\" decoding=\"async\" class=\"alignleft size-medium wp-image-1225801\" src=\"https:\/\/www.acapulco.press\/wp-content\/uploads\/2021\/04\/MARIO-COMPROMISO-LIMON9-375x250.jpeg\" alt=\"\" width=\"375\" height=\"250\" \/>tracemos la meta de que en los pr\u00f3ximo tres a\u00f1os, que tu Ricardo vas a estar al frente de la administraci\u00f3n municipal y Jorge Luna podamos juntos pero que podamos crecer todav\u00eda m\u00e1s que llevarlo de ese cuarto sitio lo llevemos al tercero, al segundo y que podamos impulsar ese producto aqu\u00ed en Acapulco y el estado\u201d, se\u00f1al\u00f3.<\/p>\n<p style=\"text-align: justify;\">El candidato a presidente municipal de Acapulco de la coalici\u00f3n PRI-PRD, Ricardo Taja, quien le acompa\u00f1\u00f3 a Moreno Arcos, dijo que de la mano del pr\u00f3ximo gobernador de Guerrero, trabajar\u00e1n para reactivar la econom\u00eda de los productores de Lim\u00f3n que atraviesan una crisis econ\u00f3mica por la pandemia por COVID-19.<\/p>\n<p style=\"text-align: justify;\">A este evento tambi\u00e9n acudi\u00f3 la candidata a diputada federal por el 04 distrito, Sheila Soto; la candidata a diputada local por el 09, Rosaura Rodr\u00edguez Carrillo; Jaime Col\u00f3n, candidato a diputado federal por el 09 distrito y los l\u00edderes de la CTM Arturo Valle y Andr\u00e9s Mart\u00ednez Lobato.<\/p>\n\n","protected":false},"excerpt":{"rendered":"<p>] CHILPANCINGO. &#8216; 30 de abril de 2021. ) Especial. El candidato a gobernador del PRI-PRD, Mario Moreno Arcos, firm\u00f3 ocho compromisos con Productores de Lim\u00f3n en el poblado conocido como Agua Caliente, municipio de Acapulco, lo que permitir\u00e1 la recuperaci\u00f3n econ\u00f3mica de este sector que ha sido golpeado por la pandemia. En un encuentro&#8230;<\/p>\n","protected":false},"author":2,"featured_media":1225794,"comment_status":"closed","ping_status":"closed","sticky":false,"template":"","format":"standard","meta":{"footnotes":""},"categories":[2052,18561],"tags":[2914,5941,12685],"class_list":["post-1225793","post","type-post","status-publish","format-standard","has-post-thumbnail","hentry","category-elecciones","category-society-politics","tag-vaxguerrero","tag-coalicion-pri-prd-eleccion-guerrero-2021","tag-mario-moreno-arcos"],"_links":{"self":[{"href":"https:\/\/www.acapulcopress.com\/index.php\/wp-json\/wp\/v2\/posts\/1225793","targetHints":{"allow":["GET"]}}],"collection":[{"href":"https:\/\/www.acapulcopress.com\/index.php\/wp-json\/wp\/v2\/posts"}],"about":[{"href":"https:\/\/www.acapulcopress.com\/index.php\/wp-json\/wp\/v2\/types\/post"}],"author":[{"embeddable":true,"href":"https:\/\/www.acapulcopress.com\/index.php\/wp-json\/wp\/v2\/users\/2"}],"replies":[{"embeddable":true,"href":"https:\/\/www.acapulcopress.com\/index.php\/wp-json\/wp\/v2\/comments?post=1225793"}],"version-history":[{"count":0,"href":"https:\/\/www.acapulcopress.com\/index.php\/wp-json\/wp\/v2\/posts\/1225793\/revisions"}],"wp:featuredmedia":[{"embeddable":true,"href":"https:\/\/www.acapulcopress.com\/index.php\/wp-json\/"}],"wp:attachment":[{"href":"https:\/\/www.acapulcopress.com\/index.php\/wp-json\/wp\/v2\/media?parent=1225793"}],"wp:term":[{"taxonomy":"category","embeddable":true,"href":"https:\/\/www.acapulcopress.com\/index.php\/wp-json\/wp\/v2\/categories?post=1225793"},{"taxonomy":"post_tag","embeddable":true,"href":"https:\/\/www.acapulcopress.com\/index.php\/wp-json\/wp\/v2\/tags?post=1225793"}],"curies":[{"name":"wp","href":"https:\/\/api.w.org\/{rel}","templated":true}]}}