{"id":1225813,"date":"2021-04-30T20:02:13","date_gmt":"2021-05-01T01:02:13","guid":{"rendered":"https:\/\/www.acapulcopress.com\/?p=1225813"},"modified":"2021-04-30T20:02:13","modified_gmt":"2021-05-01T01:02:13","slug":"mario-moreno-recuperara-espacios-publicos-recreativos-y-construira-domos-deportivos","status":"publish","type":"post","link":"https:\/\/www.acapulcopress.com\/index.php\/2021\/04\/30\/mario-moreno-recuperara-espacios-publicos-recreativos-y-construira-domos-deportivos\/","title":{"rendered":"Mario Moreno recuperar\u00e1 espacios p\u00fablicos recreativos y construir\u00e1 domos deportivos"},"content":{"rendered":"<p style=\"text-align: justify;\">] ACAPULCO. &#8216; 30 de abril de 2021.<br \/>\n<em>) Especial.<\/em><\/p>\n<p style=\"text-align: justify;\">El candidato de <em>As\u00ed Gana Guerrero,<\/em> Mario Moreno Arcos, aprovech\u00f3 el <em>D\u00eda del Ni\u00f1o<\/em> para felicitar a todos los ni\u00f1os guerrerenses. \u201cLas ni\u00f1as y los ni\u00f1os son el futuro de nuestro estado, es por ello que debemos tener un mejor Guerrero donde puedan hacer realidad sus sue\u00f1os, donde tengan una mejor calidad de vida\u201d.<\/p>\n<p style=\"text-align: justify;\">Para ellos, indic\u00f3 que tiene propuestas como la recuperaci\u00f3n de espacios p\u00fablicos y la construcci\u00f3n de domos deportivos. Tambi\u00e9n, entregar\u00e1 uniformes a todos los ni\u00f1os de educaci\u00f3n b\u00e1sica y media al inicio del ciclo escolar.<br \/>\nAdem\u00e1s, regresar\u00e1n las estancias infantiles para madres trabajadoras, \u201cporque lo que te quit\u00f3 Morena, Moreno te lo regresa. \u00a1As\u00ed gana Guerrero!\u201d.<\/p>\n<p style=\"text-align: justify;\">Moreno Arcos puntualiz\u00f3 que lo importante no es lo que se promete, sino lo que se cumple y que Mario Moreno es un hombre de palabra. \u201cHagamos que cada d\u00eda sea una nueva oportunidad para nuestras ni\u00f1as y ni\u00f1os\u201d.<\/p>\n","protected":false},"excerpt":{"rendered":"<p>] ACAPULCO. &#8216; 30 de abril de 2021. ) Especial. El candidato de As\u00ed Gana Guerrero, Mario Moreno Arcos, aprovech\u00f3 el D\u00eda del Ni\u00f1o para felicitar a todos los ni\u00f1os guerrerenses. \u201cLas ni\u00f1as y los ni\u00f1os son el futuro de nuestro estado, es por ello que debemos tener un mejor Guerrero donde puedan hacer realidad&#8230;<\/p>\n","protected":false},"author":2,"featured_media":1225800,"comment_status":"closed","ping_status":"closed","sticky":false,"template":"","format":"standard","meta":{"footnotes":""},"categories":[2053,1972],"tags":[2914,5941,7202,12685],"class_list":["post-1225813","post","type-post","status-publish","format-standard","has-post-thumbnail","hentry","category-elecciones-special","category-special","tag-vaxguerrero","tag-coalicion-pri-prd-eleccion-guerrero-2021","tag-dia-del-nino","tag-mario-moreno-arcos"],"_links":{"self":[{"href":"https:\/\/www.acapulcopress.com\/index.php\/wp-json\/wp\/v2\/posts\/1225813","targetHints":{"allow":["GET"]}}],"collection":[{"href":"https:\/\/www.acapulcopress.com\/index.php\/wp-json\/wp\/v2\/posts"}],"about":[{"href":"https:\/\/www.acapulcopress.com\/index.php\/wp-json\/wp\/v2\/types\/post"}],"author":[{"embeddable":true,"href":"https:\/\/www.acapulcopress.com\/index.php\/wp-json\/wp\/v2\/users\/2"}],"replies":[{"embeddable":true,"href":"https:\/\/www.acapulcopress.com\/index.php\/wp-json\/wp\/v2\/comments?post=1225813"}],"version-history":[{"count":0,"href":"https:\/\/www.acapulcopress.com\/index.php\/wp-json\/wp\/v2\/posts\/1225813\/revisions"}],"wp:featuredmedia":[{"embeddable":true,"href":"https:\/\/www.acapulcopress.com\/index.php\/wp-json\/"}],"wp:attachment":[{"href":"https:\/\/www.acapulcopress.com\/index.php\/wp-json\/wp\/v2\/media?parent=1225813"}],"wp:term":[{"taxonomy":"category","embeddable":true,"href":"https:\/\/www.acapulcopress.com\/index.php\/wp-json\/wp\/v2\/categories?post=1225813"},{"taxonomy":"post_tag","embeddable":true,"href":"https:\/\/www.acapulcopress.com\/index.php\/wp-json\/wp\/v2\/tags?post=1225813"}],"curies":[{"name":"wp","href":"https:\/\/api.w.org\/{rel}","templated":true}]}}