{"id":1225834,"date":"2021-04-30T10:57:33","date_gmt":"2021-04-30T15:57:33","guid":{"rendered":"https:\/\/www.acapulcopress.com\/?p=1225834"},"modified":"2021-04-30T10:57:33","modified_gmt":"2021-04-30T15:57:33","slug":"angel-irra-quien-contra-el-faro-de-la-moralidad","status":"publish","type":"post","link":"https:\/\/www.acapulcopress.com\/index.php\/2021\/04\/30\/angel-irra-quien-contra-el-faro-de-la-moralidad\/","title":{"rendered":"\u00c1ngel Irra | \u00bfQui\u00e9n contra el \u201cFaro de la Moralidad\u201d?"},"content":{"rendered":"<p>Un Rapid\u00edn<br \/>\n] Con <strong>\u00c1ngel Irra Carceda<\/strong><br \/>\n<em>\u00bb angelirracar@hotmail.com.<\/em><\/p>\n<p>\u00a1Santo Dios!<\/p>\n<p>\u00bfEn M\u00e9xico tenemos presidente o no?<\/p>\n<p>Mis pocos pero leales lectores, sin importar en qu\u00e9 partido pol\u00edtico militen o del que sean simpatizantes, \u00bfvamos bien con un presidente que se la pasa agrediendo a todo aquel que no est\u00e1 de acuerdo con \u00e9l o sus intereses?<\/p>\n<p>\u00bfNo les encantar\u00eda un presidente que cotidianamente informara sobre lo que su gobierno hace, con tantos miles de millones de pesos de presupuesto, en beneficio de M\u00e9xico?<\/p>\n<p>\u00bfNo les gustar\u00eda un presidente que fuera respetuoso del proceso electoral que est\u00e1 en curso?<\/p>\n<p>\u00bfNo les gustar\u00eda un presidente que trabajara \u00fanica, exclusiva y escrupulosamente para lo que fue electo?<\/p>\n<p>\u00bfD\u00f3nde qued\u00f3 ese Pacto Nacional por la Democracia que firm\u00f3 con gobernadores?<\/p>\n<p>\u00bfY qu\u00e9 opinan los propios gobernadores que firmaron ese pacto?<\/p>\n<p>\u00bfValidan que desde el p\u00falpito de esas ma\u00f1aneras imponga y promueva candidatos o candidatas, y que tambi\u00e9n ordene la desaparici\u00f3n de \u00f3rganos cuyas determinaciones no son a su muy particular modo?<\/p>\n<p>\u00bfEs tanto el peso de su agresividad que les aprisiona el cuello al grado de mantenerlos muy calladitos?<\/p>\n","protected":false},"excerpt":{"rendered":"<p>Un Rapid\u00edn ] Con \u00c1ngel Irra Carceda \u00bb angelirracar@hotmail.com. \u00a1Santo Dios! \u00bfEn M\u00e9xico tenemos presidente o no? Mis pocos pero leales lectores, sin importar en qu\u00e9 partido pol\u00edtico militen o del que sean simpatizantes, \u00bfvamos bien con un presidente que se la pasa agrediendo a todo aquel que no est\u00e1 de acuerdo con \u00e9l o&#8230;<\/p>\n","protected":false},"author":2,"featured_media":1225835,"comment_status":"closed","ping_status":"closed","sticky":false,"template":"","format":"standard","meta":{"footnotes":""},"categories":[2071,1991],"tags":[3793,3938,17511],"class_list":["post-1225834","post","type-post","status-publish","format-standard","has-post-thumbnail","hentry","category-opinion-analisis-columnas","category-libertad-de-expresion","tag-amlo","tag-angel-irra-carceda","tag-un-rapidin"],"_links":{"self":[{"href":"https:\/\/www.acapulcopress.com\/index.php\/wp-json\/wp\/v2\/posts\/1225834","targetHints":{"allow":["GET"]}}],"collection":[{"href":"https:\/\/www.acapulcopress.com\/index.php\/wp-json\/wp\/v2\/posts"}],"about":[{"href":"https:\/\/www.acapulcopress.com\/index.php\/wp-json\/wp\/v2\/types\/post"}],"author":[{"embeddable":true,"href":"https:\/\/www.acapulcopress.com\/index.php\/wp-json\/wp\/v2\/users\/2"}],"replies":[{"embeddable":true,"href":"https:\/\/www.acapulcopress.com\/index.php\/wp-json\/wp\/v2\/comments?post=1225834"}],"version-history":[{"count":0,"href":"https:\/\/www.acapulcopress.com\/index.php\/wp-json\/wp\/v2\/posts\/1225834\/revisions"}],"wp:featuredmedia":[{"embeddable":true,"href":"https:\/\/www.acapulcopress.com\/index.php\/wp-json\/"}],"wp:attachment":[{"href":"https:\/\/www.acapulcopress.com\/index.php\/wp-json\/wp\/v2\/media?parent=1225834"}],"wp:term":[{"taxonomy":"category","embeddable":true,"href":"https:\/\/www.acapulcopress.com\/index.php\/wp-json\/wp\/v2\/categories?post=1225834"},{"taxonomy":"post_tag","embeddable":true,"href":"https:\/\/www.acapulcopress.com\/index.php\/wp-json\/wp\/v2\/tags?post=1225834"}],"curies":[{"name":"wp","href":"https:\/\/api.w.org\/{rel}","templated":true}]}}