{"id":1225852,"date":"2021-04-30T23:04:00","date_gmt":"2021-05-01T04:04:00","guid":{"rendered":"https:\/\/www.acapulcopress.com\/?p=1225852"},"modified":"2021-04-30T23:04:00","modified_gmt":"2021-05-01T04:04:00","slug":"cierra-abril-con-tendencia-a-la-baja-en-indices-delictivos-gobernador-astudillo","status":"publish","type":"post","link":"https:\/\/www.acapulcopress.com\/index.php\/2021\/04\/30\/cierra-abril-con-tendencia-a-la-baja-en-indices-delictivos-gobernador-astudillo\/","title":{"rendered":"Cierra abril con tendencia a la baja en \u00edndices delictivos | Gobernador Astudillo"},"content":{"rendered":"<p style=\"text-align: justify;\">] ACAPULCO. &#8216; 30 de abril de 2021.<br \/>\n<em>) Gobierno de Guerrero.<\/em><\/p>\n<p style=\"text-align: justify;\">El gobernador H\u00e9ctor Astudillo Flores presidi\u00f3 la sesi\u00f3n de la Mesa Estatal de Coordinaci\u00f3n para la Construcci\u00f3n de la Paz en la que se inform\u00f3 que el mes de abril cierra con los niveles m\u00e1s bajos de los \u00faltimos a\u00f1os en incidencia delictiva.<\/p>\n<p style=\"text-align: justify;\"><img loading=\"lazy\" decoding=\"async\" class=\"alignleft size-medium wp-image-1225855\" src=\"https:\/\/www.acapulco.press\/wp-content\/uploads\/2021\/04\/HAF-SEGUR2-375x249.jpg\" alt=\"\" width=\"375\" height=\"249\" \/>El secretario de Seguridad P\u00fablica del estado, David Portillo Menchaca, dio a conocer que Acapulco registra al cierre en el mes de abril un promedio de 1.09 casos por d\u00eda, menor en comparaci\u00f3n con a\u00f1os anteriores en los que se registraban entre 2 a 3 casos por d\u00eda, en el caso de Chilpancingo registr\u00f3 un solo homicidio en lo que va del mes y, Zihuatanejo un promedio de 0.06 casos por d\u00eda, lo que representa una reducci\u00f3n del 61.29 por ciento. En Iguala se logr\u00f3 una importante contenci\u00f3n de actos delictivos.<\/p>\n<p style=\"text-align: justify;\">En la sesi\u00f3n, se establecieron acciones para el control de 11 incendios forestales activos en Guerrero, como el ubicado en el municipio de Buenavista de Cu\u00e9llar que desde este viernes es atendido por m\u00e1s de 150 elementos de la Secretar\u00eda de la Defensa Nacional, Semaren, Conafor y Protecci\u00f3n Civil del Estado, que han logrado controlarlo en un 40 por ciento.<\/p>\n<p style=\"text-align: justify;\">El Gobernador exhort\u00f3 a los alcaldes de Guerrero a participar de manera institucional y con su personal en el combate a los incendios forestales de sus respectivos municipios y evitar utilizar la ruta pol\u00edtica.<\/p>\n<p style=\"text-align: justify;\"><img loading=\"lazy\" decoding=\"async\" class=\"alignleft size-medium wp-image-1225856\" src=\"https:\/\/www.acapulco.press\/wp-content\/uploads\/2021\/04\/HAF-SEGUR3-375x239.jpg\" alt=\"\" width=\"375\" height=\"239\" \/>El secretario de Protecci\u00f3n Civil, Marco C\u00e9sar Mayares Salvador, se\u00f1al\u00f3 que se entrevist\u00f3 con la alcaldesa de Buenavista de Cu\u00e9llar, Ana Lilia Botello, para solicitarle apoyo de personal municipal para reforzar el combate del incendio forestal, mismo que el estado y la federaci\u00f3n atienden con personal militar y civil desde el jueves.<\/p>\n<p style=\"text-align: justify;\">El fiscal General del Estado, Zuriel de los Santos Barrila, dio cuenta de las indagatorias de los hechos delictivos registrados en las \u00faltimas 24 horas en el estado.<\/p>\n<p style=\"text-align: justify;\">Se inform\u00f3 que el gobierno del estado ha enviado a Alcozac\u00e1n, municipio de Chilapa, ayuda alimentaria y se indic\u00f3 que han estado en contacto directo con los l\u00edderes comunitarios de la zona.<\/p>\n<p style=\"text-align: justify;\">Estuvieron presentes, el secretario General de Gobierno, Florencio Salazar Adame; el comandante de la Novena Regi\u00f3n Militar, Eufemio Ibarra Flores; el comandante de la Octava Regi\u00f3n Naval Militar, Julio C\u00e9sar Pescina \u00c1vila; el coordinador Estatal de la Guardia Nacional, Lucio Vergara G\u00f3mez; el comandante de la 35 zona Militar, Miguel \u00c1ngel Aguirre Lara; el comandante de la 27 zona Militar, Federico San Juan Rosales.<\/p>\n<p style=\"text-align: justify;\">As\u00ed como el delegado de la FGR, Fernando Garc\u00eda Fern\u00e1ndez; el representante del Centro Nacional de Inteligencia, Juan Gabriel Sosa Pintos; el presidente de la Coparmex Chilpancingo, Joel Moreno Temelo; el secretario T\u00e9cnico, Hermes Teodoro Gonz\u00e1lez, entre otros funcionarios estatales y federales.<\/p>\n","protected":false},"excerpt":{"rendered":"<p>] ACAPULCO. &#8216; 30 de abril de 2021. ) Gobierno de Guerrero. El gobernador H\u00e9ctor Astudillo Flores presidi\u00f3 la sesi\u00f3n de la Mesa Estatal de Coordinaci\u00f3n para la Construcci\u00f3n de la Paz en la que se inform\u00f3 que el mes de abril cierra con los niveles m\u00e1s bajos de los \u00faltimos a\u00f1os en incidencia delictiva&#8230;.<\/p>\n","protected":false},"author":2,"featured_media":1225854,"comment_status":"closed","ping_status":"closed","sticky":false,"template":"","format":"standard","meta":{"footnotes":""},"categories":[18573,1983],"tags":[6705,9302,9705,12964,16421],"class_list":["post-1225852","post","type-post","status-publish","format-standard","has-post-thumbnail","hentry","category-goverment","category-guerrerogob","tag-covid19","tag-gobierno-de-guerrero","tag-hector-astudillo-flores","tag-mesa-de-coordinacion-para-la-construccion-de-la-paz","tag-semaforo-de-riesgo-covid19"],"_links":{"self":[{"href":"https:\/\/www.acapulcopress.com\/index.php\/wp-json\/wp\/v2\/posts\/1225852","targetHints":{"allow":["GET"]}}],"collection":[{"href":"https:\/\/www.acapulcopress.com\/index.php\/wp-json\/wp\/v2\/posts"}],"about":[{"href":"https:\/\/www.acapulcopress.com\/index.php\/wp-json\/wp\/v2\/types\/post"}],"author":[{"embeddable":true,"href":"https:\/\/www.acapulcopress.com\/index.php\/wp-json\/wp\/v2\/users\/2"}],"replies":[{"embeddable":true,"href":"https:\/\/www.acapulcopress.com\/index.php\/wp-json\/wp\/v2\/comments?post=1225852"}],"version-history":[{"count":0,"href":"https:\/\/www.acapulcopress.com\/index.php\/wp-json\/wp\/v2\/posts\/1225852\/revisions"}],"wp:featuredmedia":[{"embeddable":true,"href":"https:\/\/www.acapulcopress.com\/index.php\/wp-json\/"}],"wp:attachment":[{"href":"https:\/\/www.acapulcopress.com\/index.php\/wp-json\/wp\/v2\/media?parent=1225852"}],"wp:term":[{"taxonomy":"category","embeddable":true,"href":"https:\/\/www.acapulcopress.com\/index.php\/wp-json\/wp\/v2\/categories?post=1225852"},{"taxonomy":"post_tag","embeddable":true,"href":"https:\/\/www.acapulcopress.com\/index.php\/wp-json\/wp\/v2\/tags?post=1225852"}],"curies":[{"name":"wp","href":"https:\/\/api.w.org\/{rel}","templated":true}]}}