{"id":1225893,"date":"2021-04-30T23:50:21","date_gmt":"2021-05-01T04:50:21","guid":{"rendered":"https:\/\/www.acapulcopress.com\/?p=1225893"},"modified":"2021-04-30T23:50:21","modified_gmt":"2021-05-01T04:50:21","slug":"papa-dispone-que-obispos-y-cardenales-sean-juzgados-en-tribunal-penal-del-vaticano","status":"publish","type":"post","link":"https:\/\/www.acapulcopress.com\/index.php\/2021\/04\/30\/papa-dispone-que-obispos-y-cardenales-sean-juzgados-en-tribunal-penal-del-vaticano\/","title":{"rendered":"Papa dispone que obispos y cardenales sean juzgados en Tribunal Penal del Vaticano"},"content":{"rendered":"<p style=\"text-align: justify;\">] CD. VATICANO. &#8216; 30 de abril de 2021.<br \/>\n<em>) <a href=\"https:\/\/www.telam.com.ar\/notas\/202104\/552583-vaticano-tribunal-penal.html\" target=\"_blank\" rel=\"noopener\">Telam<\/a>.<\/em><\/p>\n<p style=\"text-align: justify;\">El papa Francisco dispuso que los obispos y cardenales sean juzgados por el tribunal penal del Estado de la Ciudad del Vaticano, donde ofician magistrados laicos italianos y no sacerdotes.<\/p>\n<p style=\"text-align: justify;\">La decisi\u00f3n, que busca dejar de lado \u00abprivilegios\u00bb, fue anunciada por el Papa en un texto firmado este viernes, que <img loading=\"lazy\" decoding=\"async\" class=\"alignleft size-medium wp-image-1225894\" src=\"https:\/\/www.acapulco.press\/wp-content\/uploads\/2021\/04\/PAP-FRANCISCO-375x211.jpg\" alt=\"\" width=\"375\" height=\"211\" \/>entrar\u00e1 en vigencia a partir del 1 de mayo y supone un cambio radical, ya que hasta ahora cardenales y obispos comparec\u00edan ante el Tribunal de Casaci\u00f3n presidido por un cardenal.<\/p>\n<p style=\"text-align: justify;\">A partir de esta medida, en cambio, se someter\u00e1n en primera instancia al Tribunal, como todos, aunque para juzgarlos seguir\u00e1 siendo necesaria la autorizaci\u00f3n previa del papa, consign\u00f3 la agencia de noticias AFP.<\/p>\n<p style=\"text-align: justify;\">Con esta iniciativa, denominada \u00abmotu proprio\u00bb el Pont\u00edfice desea afirmar el principio de igualdad ante la justicia vaticana de todos los miembros de la Iglesia, \u00absin privilegios que datan del pasado\u00bb.<\/p>\n<p style=\"text-align: justify;\">Este tribunal de primera instancia era muy criticado por no poder convocar a los m\u00e1s altos prelados de la Iglesia.<\/p>\n<p style=\"text-align: justify;\">En los pr\u00f3ximos meses tendr\u00e1n lugar varios procesos penales importantes, en los que est\u00e1n involucrados cardenales y obispos que trabajaron en la Secretaria de Estado (Gobierno del Vaticano), y por primera vez podr\u00e1n ser interrogados por jueces laicos del tribunal penal.<\/p>\n<p style=\"text-align: justify;\">Entre ellos, existe una compleja investigaci\u00f3n sobre financiaci\u00f3n opaca, a trav\u00e9s de empresarios italianos, de un edificio de lujo en Londres, con el aval de la Secretar\u00eda de Estado.<\/p>\n<p style=\"text-align: justify;\">La investigaci\u00f3n debe determinar si los altos prelados cometieron errores de juicio o eventualmente incurrieron en corrupci\u00f3n.<\/p>\n","protected":false},"excerpt":{"rendered":"<p>] CD. VATICANO. &#8216; 30 de abril de 2021. ) Telam. El papa Francisco dispuso que los obispos y cardenales sean juzgados por el tribunal penal del Estado de la Ciudad del Vaticano, donde ofician magistrados laicos italianos y no sacerdotes. La decisi\u00f3n, que busca dejar de lado \u00abprivilegios\u00bb, fue anunciada por el Papa en&#8230;<\/p>\n","protected":false},"author":2,"featured_media":1225895,"comment_status":"closed","ping_status":"closed","sticky":false,"template":"","format":"standard","meta":{"footnotes":""},"categories":[1969],"tags":[14214,17769],"class_list":["post-1225893","post","type-post","status-publish","format-standard","has-post-thumbnail","hentry","category-trending","tag-papa-francisco","tag-vaticano"],"_links":{"self":[{"href":"https:\/\/www.acapulcopress.com\/index.php\/wp-json\/wp\/v2\/posts\/1225893","targetHints":{"allow":["GET"]}}],"collection":[{"href":"https:\/\/www.acapulcopress.com\/index.php\/wp-json\/wp\/v2\/posts"}],"about":[{"href":"https:\/\/www.acapulcopress.com\/index.php\/wp-json\/wp\/v2\/types\/post"}],"author":[{"embeddable":true,"href":"https:\/\/www.acapulcopress.com\/index.php\/wp-json\/wp\/v2\/users\/2"}],"replies":[{"embeddable":true,"href":"https:\/\/www.acapulcopress.com\/index.php\/wp-json\/wp\/v2\/comments?post=1225893"}],"version-history":[{"count":0,"href":"https:\/\/www.acapulcopress.com\/index.php\/wp-json\/wp\/v2\/posts\/1225893\/revisions"}],"wp:featuredmedia":[{"embeddable":true,"href":"https:\/\/www.acapulcopress.com\/index.php\/wp-json\/"}],"wp:attachment":[{"href":"https:\/\/www.acapulcopress.com\/index.php\/wp-json\/wp\/v2\/media?parent=1225893"}],"wp:term":[{"taxonomy":"category","embeddable":true,"href":"https:\/\/www.acapulcopress.com\/index.php\/wp-json\/wp\/v2\/categories?post=1225893"},{"taxonomy":"post_tag","embeddable":true,"href":"https:\/\/www.acapulcopress.com\/index.php\/wp-json\/wp\/v2\/tags?post=1225893"}],"curies":[{"name":"wp","href":"https:\/\/api.w.org\/{rel}","templated":true}]}}