{"id":1225906,"date":"2021-04-30T10:21:00","date_gmt":"2021-04-30T15:21:00","guid":{"rendered":"https:\/\/www.acapulcopress.com\/?p=1225906"},"modified":"2021-04-30T10:21:00","modified_gmt":"2021-04-30T15:21:00","slug":"proyecto-de-mario-moreno-es-de-unidad-y-suma-de-aliados-hector-vicario","status":"publish","type":"post","link":"https:\/\/www.acapulcopress.com\/index.php\/2021\/04\/30\/proyecto-de-mario-moreno-es-de-unidad-y-suma-de-aliados-hector-vicario\/","title":{"rendered":"Proyecto de Mario Moreno es de unidad y suma de aliados | H\u00e9ctor Vicario"},"content":{"rendered":"<p style=\"text-align: justify;\"><img loading=\"lazy\" decoding=\"async\" class=\"alignnone wp-image-1225907 size-large\" src=\"https:\/\/www.acapulco.press\/wp-content\/uploads\/2021\/05\/VICARIO-840x560.jpg\" alt=\"\" width=\"840\" height=\"560\" \/><\/p>\n<p>] HUITZUCO. &#8216; 30 de abril de 2021.<br \/>\n<em>) Acapulco.press.<\/em><\/p>\n<p style=\"text-align: justify;\">El proyecto que encabeza el pr\u00f3ximo gobernador Mario Moreno Arcos es de unidad, de suma y propuestas para mejorar nuestro municipio y el estado, por eso hoy, junto a H\u00e9ctor Ocampo y Aracely Alvarado, con gran entusiasmo nos reunimos con dirigentes de izquierda que han decidido sumarse a este gran equipo\u00bb, manifest\u00f3 H\u00e9ctor Vicario Castrej\u00f3n, candidato de la alianza PRI\/PRD a Diputado local por el Distrito 23, al dar la bienvenida a l\u00edderes de izquierda al proyecto de la gran alianza \u00abVa por Guerrero.<\/p>\n<p>\u00abTenemos claro que la suma de voluntades siempre trae buenos resultados, as\u00ed vamos a ganar este 6 de junio\u00bb, suscribi\u00f3.<\/p>\n<p><img loading=\"lazy\" decoding=\"async\" class=\"alignleft wp-image-1225909 size-large\" src=\"https:\/\/www.acapulco.press\/wp-content\/uploads\/2021\/05\/VICARIO3-840x560.jpg\" alt=\"\" width=\"840\" height=\"560\" \/><\/p>\n<p>#GobernandoEnSerio<\/p>\n","protected":false},"excerpt":{"rendered":"<p>] HUITZUCO. &#8216; 30 de abril de 2021. ) Acapulco.press. El proyecto que encabeza el pr\u00f3ximo gobernador Mario Moreno Arcos es de unidad, de suma y propuestas para mejorar nuestro municipio y el estado, por eso hoy, junto a H\u00e9ctor Ocampo y Aracely Alvarado, con gran entusiasmo nos reunimos con dirigentes de izquierda que han&#8230;<\/p>\n","protected":false},"author":2,"featured_media":1225908,"comment_status":"closed","ping_status":"closed","sticky":false,"template":"","format":"standard","meta":{"footnotes":""},"categories":[2052,18561],"tags":[3679,9738,12685],"class_list":["post-1225906","post","type-post","status-publish","format-standard","has-post-thumbnail","hentry","category-elecciones","category-society-politics","tag-alianza-pri-prd","tag-hector-vicario-castrejon","tag-mario-moreno-arcos"],"_links":{"self":[{"href":"https:\/\/www.acapulcopress.com\/index.php\/wp-json\/wp\/v2\/posts\/1225906","targetHints":{"allow":["GET"]}}],"collection":[{"href":"https:\/\/www.acapulcopress.com\/index.php\/wp-json\/wp\/v2\/posts"}],"about":[{"href":"https:\/\/www.acapulcopress.com\/index.php\/wp-json\/wp\/v2\/types\/post"}],"author":[{"embeddable":true,"href":"https:\/\/www.acapulcopress.com\/index.php\/wp-json\/wp\/v2\/users\/2"}],"replies":[{"embeddable":true,"href":"https:\/\/www.acapulcopress.com\/index.php\/wp-json\/wp\/v2\/comments?post=1225906"}],"version-history":[{"count":0,"href":"https:\/\/www.acapulcopress.com\/index.php\/wp-json\/wp\/v2\/posts\/1225906\/revisions"}],"wp:featuredmedia":[{"embeddable":true,"href":"https:\/\/www.acapulcopress.com\/index.php\/wp-json\/"}],"wp:attachment":[{"href":"https:\/\/www.acapulcopress.com\/index.php\/wp-json\/wp\/v2\/media?parent=1225906"}],"wp:term":[{"taxonomy":"category","embeddable":true,"href":"https:\/\/www.acapulcopress.com\/index.php\/wp-json\/wp\/v2\/categories?post=1225906"},{"taxonomy":"post_tag","embeddable":true,"href":"https:\/\/www.acapulcopress.com\/index.php\/wp-json\/wp\/v2\/tags?post=1225906"}],"curies":[{"name":"wp","href":"https:\/\/api.w.org\/{rel}","templated":true}]}}