{"id":1225922,"date":"2021-05-01T14:31:34","date_gmt":"2021-05-01T19:31:34","guid":{"rendered":"https:\/\/www.acapulcopress.com\/?p=1225922"},"modified":"2021-05-01T14:31:34","modified_gmt":"2021-05-01T19:31:34","slug":"ricardo-taja-se-compromete-a-luchar-por-los-intereses-de-la-clase-trabajadora","status":"publish","type":"post","link":"https:\/\/www.acapulcopress.com\/index.php\/2021\/05\/01\/ricardo-taja-se-compromete-a-luchar-por-los-intereses-de-la-clase-trabajadora\/","title":{"rendered":"Ricardo #Taja se compromete a luchar por los intereses de la clase trabajadora"},"content":{"rendered":"<p style=\"text-align: justify;\">] ACAPULCO. &#8216; 1 de mayo de 2021.<br \/>\n) Especial.<\/p>\n<p style=\"text-align: justify;\">Durante la conmemoraci\u00f3n del D\u00eda Mundial del Trabajo, el candidato a la alcald\u00eda de Acapulco por la coalici\u00f3n PRI\/PRD, Ricardo Taja Ram\u00edrez, se comprometi\u00f3 a luchar por los intereses de la clase <img loading=\"lazy\" decoding=\"async\" class=\"alignleft size-medium wp-image-1225926\" src=\"https:\/\/www.acapulco.press\/wp-content\/uploads\/2021\/05\/TAJA4-375x250.jpeg\" alt=\"\" width=\"375\" height=\"250\" \/>trabajadora.<\/p>\n<p style=\"text-align: justify;\">En el monumento al legendario dirigente obrero de M\u00e9xico Fidel Vel\u00e1zquez S\u00e1nchez, hombre pionero en la defensa de los trabajadores de M\u00e9xico, Taja Ram\u00edrez reconoci\u00f3 el trabajo de los l\u00edderes cetemistas, pues dijo, no se puede tener una sociedad sin mujeres y hombres trabajadoras, por eso ser\u00e1 el promotor de la inversi\u00f3n para mejorar la econom\u00eda de la clase trabajadora del puerto.<\/p>\n<p style=\"text-align: justify;\">\u00abHoy tenemos un gran reto, no es f\u00e1cil, pero el ejemplo claro lo tenemos de Don Fidel Vel\u00e1zquez; hay que seguir luchando por esas luchas sindicales que siempre han dado garant\u00edas <img loading=\"lazy\" decoding=\"async\" class=\"alignleft size-medium wp-image-1225924\" src=\"https:\/\/www.acapulco.press\/wp-content\/uploads\/2021\/05\/TAJA2-375x250.jpeg\" alt=\"\" width=\"375\" height=\"250\" \/>para la clase trabajadora, yo ser\u00e9 el promotor de la inversi\u00f3n, ser\u00e9 el primero que regrese los eventos que perdimos y buscar\u00e9 nuevos que le regresen el brillo y la grandeza Acapulco, hoy estoy comprometido con ustedes y as\u00ed como trabajo por mi familia lo har\u00e9 por todos ustedes, a Acapulco le urge salir del retraso\u00bb.<\/p>\n<p style=\"text-align: justify;\">En la plazoleta del Coloso, Ricardo Taja Ram\u00edrez, destac\u00f3 la labor del l\u00edder estatal de la CTM Rodolfo Escobar \u00c1vila, de qui\u00e9n dijo es un hombre comprometido y que seguir\u00e1 trabajando sin descanso por los trabajadores de Guerrero.<\/p>\n<p style=\"text-align: justify;\"><img loading=\"lazy\" decoding=\"async\" class=\"alignleft size-medium wp-image-1225923\" src=\"https:\/\/www.acapulco.press\/wp-content\/uploads\/2021\/05\/TAJA-375x250.jpeg\" alt=\"\" width=\"375\" height=\"250\" \/>El candidato de la coalici\u00f3n PRI-PRD, invit\u00f3 a todos los trabajadores a que sigan en la lucha por Acapulco, para tener mejores trabajos, mejores sueldos y lograr mayores conquistas.<\/p>\n<p style=\"text-align: justify;\">\u00abQuiero que la CTM me acompa\u00f1e en el gobierno, aqu\u00ed hay mujeres y hombres trabajadoras que quiero que me acompa\u00f1en, hombres de experiencia que quiero que est\u00e9n ah\u00ed\u00bb, se\u00f1al\u00f3.<\/p>\n<p style=\"text-align: justify;\">Al respecto, el l\u00edder cetemista Rodolfo Escobar \u00c1vila, dijo que la clase obrera est\u00e1 con Ricardo Taja y respalda su camino a la presidencia municipal de Acapulco.<\/p>\n<p style=\"text-align: justify;\">Por \u00faltimo Taja Ram\u00edrez, agreg\u00f3 que \u00e9l es un hombre de propuestas, no de ofensas, \u00absoy un hombre de trabajo, no de conflicto\u00bb.<\/p>\n","protected":false},"excerpt":{"rendered":"<p>] ACAPULCO. &#8216; 1 de mayo de 2021. ) Especial. Durante la conmemoraci\u00f3n del D\u00eda Mundial del Trabajo, el candidato a la alcald\u00eda de Acapulco por la coalici\u00f3n PRI\/PRD, Ricardo Taja Ram\u00edrez, se comprometi\u00f3 a luchar por los intereses de la clase trabajadora. En el monumento al legendario dirigente obrero de M\u00e9xico Fidel Vel\u00e1zquez S\u00e1nchez,&#8230;<\/p>\n","protected":false},"author":2,"featured_media":1225925,"comment_status":"closed","ping_status":"closed","sticky":false,"template":"","format":"standard","meta":{"footnotes":""},"categories":[2052,18561],"tags":[5938,6798,8615,15606,17705],"class_list":["post-1225922","post","type-post","status-publish","format-standard","has-post-thumbnail","hentry","category-elecciones","category-society-politics","tag-coalicion-pri-prd","tag-ctm","tag-fidel-velazquez-sanchez","tag-ricardo-taja-ramirez","tag-va-por-acapulco"],"_links":{"self":[{"href":"https:\/\/www.acapulcopress.com\/index.php\/wp-json\/wp\/v2\/posts\/1225922","targetHints":{"allow":["GET"]}}],"collection":[{"href":"https:\/\/www.acapulcopress.com\/index.php\/wp-json\/wp\/v2\/posts"}],"about":[{"href":"https:\/\/www.acapulcopress.com\/index.php\/wp-json\/wp\/v2\/types\/post"}],"author":[{"embeddable":true,"href":"https:\/\/www.acapulcopress.com\/index.php\/wp-json\/wp\/v2\/users\/2"}],"replies":[{"embeddable":true,"href":"https:\/\/www.acapulcopress.com\/index.php\/wp-json\/wp\/v2\/comments?post=1225922"}],"version-history":[{"count":0,"href":"https:\/\/www.acapulcopress.com\/index.php\/wp-json\/wp\/v2\/posts\/1225922\/revisions"}],"wp:featuredmedia":[{"embeddable":true,"href":"https:\/\/www.acapulcopress.com\/index.php\/wp-json\/"}],"wp:attachment":[{"href":"https:\/\/www.acapulcopress.com\/index.php\/wp-json\/wp\/v2\/media?parent=1225922"}],"wp:term":[{"taxonomy":"category","embeddable":true,"href":"https:\/\/www.acapulcopress.com\/index.php\/wp-json\/wp\/v2\/categories?post=1225922"},{"taxonomy":"post_tag","embeddable":true,"href":"https:\/\/www.acapulcopress.com\/index.php\/wp-json\/wp\/v2\/tags?post=1225922"}],"curies":[{"name":"wp","href":"https:\/\/api.w.org\/{rel}","templated":true}]}}