{"id":1225931,"date":"2021-05-01T21:15:20","date_gmt":"2021-05-02T02:15:20","guid":{"rendered":"https:\/\/www.acapulcopress.com\/?p=1225931"},"modified":"2021-05-01T21:15:20","modified_gmt":"2021-05-02T02:15:20","slug":"se-solidarizo-hector-vicario-con-habitantes-de-buenavista-de-cuellar","status":"publish","type":"post","link":"https:\/\/www.acapulcopress.com\/index.php\/2021\/05\/01\/se-solidarizo-hector-vicario-con-habitantes-de-buenavista-de-cuellar\/","title":{"rendered":"Se solidariz\u00f3 H\u00e9ctor Vicario con habitantes de Buenavista de Cu\u00e9llar"},"content":{"rendered":"<p style=\"text-align: justify;\">] HUITZUCO DE LOS FIGUEROA. &#8216; 1 de mayo de 2021.<br \/>\n<em>) Especial.<\/em><\/p>\n<p style=\"text-align: justify;\">En relaci\u00f3n al incendio que comenz\u00f3 el d\u00eda 28 de abril en el municipio de Buenavista de Cu\u00e9llar, el candidato de la coalici\u00f3n PRI\/PRD a diputado local por el Distrito 23, H\u00e9ctor Vicario Castrej\u00f3n, inform\u00f3 que ya se encuentran trabajando brigadas de hasta 150 elementos conformadas por Protecci\u00f3n Civil, la Secretar\u00eda del Ambiente y Recursos Naturales y de la Comisi\u00f3n Nacional Forestal, contando con el respaldo de la Gerencia de Manejo del Fuego, as\u00ed como voluntarios y propietarios, logrando un porcentaje de control del 50% aproximadamente del incendio por el flanco que se dirige hacia el municipio de Buenavista de Cu\u00e9llar.<\/p>\n<p>Vicario Castrej\u00f3n estima que dentro de las 72 horas siguientes se tenga sofocado el incendio en su totalidad. Durante la noche y la ma\u00f1ana se estar\u00e1 movilizando 3 divisiones y 2 helic\u00f3pteros, con el apoyo de la Conagua y 10 t\u00e9cnicos especialistas en manejo de fuego para coordinar los trabajos.<\/p>\n<p style=\"text-align: justify;\">En solidaridad, H\u00e9ctor Vicario manifest\u00f3 su solidaridad y respeto ante la devastaci\u00f3n que ha tra\u00eddo el incendio forestal en los cerros cercanos al municipio de Buenavista de Cu\u00e9llar. \u00abSon tiempos para apoyarnos y tomar conciencia de este da\u00f1o ecol\u00f3gico, seamos responsables con la naturaleza y cuidemos nuestro ecosistema. Unamos fuerzas con el gobierno del estado, Sedena, voluntarios del municipio y de Protecci\u00f3n Civil\u00bb, dijo, tras de informar que visit\u00f3 Buenavista de Cu\u00e9llar no como para hacer proselitismo, sino para llevar su ayuda humanitaria a los habitantes de dicho lugar.<\/p>\n<p style=\"text-align: justify;\"><code><iframe loading=\"lazy\" style=\"border: none; overflow: hidden;\" src=\"https:\/\/www.facebook.com\/plugins\/video.php?height=476&amp;href=https%3A%2F%2Fwww.facebook.com%2FHectorVicarioC%2Fvideos%2F1026201847908766%2F&amp;show_text=false&amp;width=269\" width=\"269\" height=\"476\" frameborder=\"0\" scrolling=\"no\" allowfullscreen=\"allowfullscreen\"><\/iframe><\/code><\/p>\n","protected":false},"excerpt":{"rendered":"<p>] HUITZUCO DE LOS FIGUEROA. &#8216; 1 de mayo de 2021. ) Especial. En relaci\u00f3n al incendio que comenz\u00f3 el d\u00eda 28 de abril en el municipio de Buenavista de Cu\u00e9llar, el candidato de la coalici\u00f3n PRI\/PRD a diputado local por el Distrito 23, H\u00e9ctor Vicario Castrej\u00f3n, inform\u00f3 que ya se encuentran trabajando brigadas de&#8230;<\/p>\n","protected":false},"author":2,"featured_media":1225932,"comment_status":"closed","ping_status":"closed","sticky":false,"template":"","format":"standard","meta":{"footnotes":""},"categories":[18561],"tags":[4904,9738],"class_list":["post-1225931","post","type-post","status-publish","format-standard","has-post-thumbnail","hentry","category-society-politics","tag-buenavista-de-cuellar","tag-hector-vicario-castrejon"],"_links":{"self":[{"href":"https:\/\/www.acapulcopress.com\/index.php\/wp-json\/wp\/v2\/posts\/1225931","targetHints":{"allow":["GET"]}}],"collection":[{"href":"https:\/\/www.acapulcopress.com\/index.php\/wp-json\/wp\/v2\/posts"}],"about":[{"href":"https:\/\/www.acapulcopress.com\/index.php\/wp-json\/wp\/v2\/types\/post"}],"author":[{"embeddable":true,"href":"https:\/\/www.acapulcopress.com\/index.php\/wp-json\/wp\/v2\/users\/2"}],"replies":[{"embeddable":true,"href":"https:\/\/www.acapulcopress.com\/index.php\/wp-json\/wp\/v2\/comments?post=1225931"}],"version-history":[{"count":0,"href":"https:\/\/www.acapulcopress.com\/index.php\/wp-json\/wp\/v2\/posts\/1225931\/revisions"}],"wp:featuredmedia":[{"embeddable":true,"href":"https:\/\/www.acapulcopress.com\/index.php\/wp-json\/"}],"wp:attachment":[{"href":"https:\/\/www.acapulcopress.com\/index.php\/wp-json\/wp\/v2\/media?parent=1225931"}],"wp:term":[{"taxonomy":"category","embeddable":true,"href":"https:\/\/www.acapulcopress.com\/index.php\/wp-json\/wp\/v2\/categories?post=1225931"},{"taxonomy":"post_tag","embeddable":true,"href":"https:\/\/www.acapulcopress.com\/index.php\/wp-json\/wp\/v2\/tags?post=1225931"}],"curies":[{"name":"wp","href":"https:\/\/api.w.org\/{rel}","templated":true}]}}