{"id":1225938,"date":"2021-05-01T23:12:40","date_gmt":"2021-05-02T04:12:40","guid":{"rendered":"https:\/\/www.acapulcopress.com\/?p=1225938"},"modified":"2021-05-01T23:12:40","modified_gmt":"2021-05-02T04:12:40","slug":"los-de-morena-salieron-defectuosos-pero-nosotros-vamos-arreglar-su-cochinero-taja","status":"publish","type":"post","link":"https:\/\/www.acapulcopress.com\/index.php\/2021\/05\/01\/los-de-morena-salieron-defectuosos-pero-nosotros-vamos-arreglar-su-cochinero-taja\/","title":{"rendered":"Los de Morena salieron defectuosos, pero nosotros vamos arreglar su &#8216;cochinero&#8217; | #Taja"},"content":{"rendered":"<p style=\"text-align: justify;\">] ACAPULCO. &#8216; 1 de mayo de 2021.<br \/>\n) Especial.<\/p>\n<p style=\"text-align: justify;\">Al caminar por el popular Barrio de la F\u00e1brica, el candidato a la alcald\u00eda de Acapulco por la coalici\u00f3n PRI-PRD Ricardo Taja Ram\u00edrez, acompa\u00f1ado por el l\u00edder estatal de la CTM Rodolfo Escobar \u00c1vila y de la candidata a diputada <img loading=\"lazy\" decoding=\"async\" class=\"alignleft size-medium wp-image-1225941\" src=\"https:\/\/www.acapulco.press\/wp-content\/uploads\/2021\/05\/TAJA3-1-375x250.jpeg\" alt=\"\" width=\"375\" height=\"250\" \/>federal por el distrito 4 Sheila Soto Manzano, se comprometi\u00f3 en hacer una remodelaci\u00f3n integral del \u00e1rea de los lavaderos de Aguas Blancas y del parque de la F\u00e1brica.<\/p>\n<p style=\"text-align: justify;\">\u00abEn este Barrio emblem\u00e1tico junto a Rosa y Josefina, me comprometo a realizar una remodelaci\u00f3n integral de los lavaderos de Aguas Blancas y del techado del parque de la F\u00e1brica, adem\u00e1s de mejorar la seguridad en \u00e9sta zona que ha sido abandonada por los gobiernos desde 1970\u00bb.<\/p>\n<p style=\"text-align: justify;\">Al llegar a la zona de lavaderos reunido con trabajadores de la CTM y vecinos del lugar, recibi\u00f3 la adhesi\u00f3n del <img loading=\"lazy\" decoding=\"async\" class=\"alignleft size-medium wp-image-1225942\" src=\"https:\/\/www.acapulco.press\/wp-content\/uploads\/2021\/05\/TAJA4-1-375x250.jpeg\" alt=\"\" width=\"375\" height=\"250\" \/>precandidato a diputado local de Morena Jos\u00e9 Salas, quien asegur\u00f3 que Morena, sigue haciendo su cochinero y pidi\u00f3 a los acapulque\u00f1os no permitir que ese partido siga gobernando, por ello le refrend\u00f3 su respaldo a Ricardo Taja, por ser un hombre de palabra que si trabaja y que no se raja.<\/p>\n<p style=\"text-align: justify;\">\u00abEn Morena siguen haciendo su cochinero, no toman buenas decisiones, no podemos darle otro voto de confianza a Morena, porque Morena no ha sabido gobernar y nos ha dejado en la miseria, hoy debemos de creer no en un partido sino en las personas, por eso Ricardo Taja, es un hombre de compromisos, un hombre de palabra, un hombre de <img loading=\"lazy\" decoding=\"async\" class=\"alignleft size-medium wp-image-1225943\" src=\"https:\/\/www.acapulco.press\/wp-content\/uploads\/2021\/05\/TAJA5-375x250.jpeg\" alt=\"\" width=\"375\" height=\"250\" \/>confianza y un hombre de familia que nos defender\u00e1 como defiende a la suya\u201d.<\/p>\n<p style=\"text-align: justify;\">Durante su paso por la calle Dos Arroyos, acompa\u00f1ado por vecinos del lugar, visitando casa por casa, record\u00f3 los principales compromisos que tendr\u00e1 al llegar a la Presidencia Municipal como lo es; el programa borr\u00f3n y cuenta nueva en el predial y agua potable, dijo que recuperar\u00e1 el honor del ayuntamiento, la confianza hac\u00eda las autoridades y asegur\u00f3 que ser\u00e1 el empleado del pueblo, para poderle regresar la grandeza al puerto de Acapulco, ya que a Morena de qued\u00f3 grande la silla y son muy chafas para gobernar.<\/p>\n<p style=\"text-align: justify;\">\u00abAcabar\u00e9 con la corrupci\u00f3n que hay en el ayuntamiento, haremos que regrese la grandeza de Acapulco, que Acapulco vuelva a brillar, remodelaremos el Centro de Convenciones, de la zona de Caleta y Caletilla, recuperaremos el M\u00e1gico Mundo Marino y los mercados del puerto\u00bb.<\/p>\n","protected":false},"excerpt":{"rendered":"<p>] ACAPULCO. &#8216; 1 de mayo de 2021. ) Especial. Al caminar por el popular Barrio de la F\u00e1brica, el candidato a la alcald\u00eda de Acapulco por la coalici\u00f3n PRI-PRD Ricardo Taja Ram\u00edrez, acompa\u00f1ado por el l\u00edder estatal de la CTM Rodolfo Escobar \u00c1vila y de la candidata a diputada federal por el distrito 4&#8230;<\/p>\n","protected":false},"author":2,"featured_media":1225940,"comment_status":"closed","ping_status":"closed","sticky":false,"template":"","format":"standard","meta":{"footnotes":""},"categories":[2052,18561],"tags":[5938,14895,15606],"class_list":["post-1225938","post","type-post","status-publish","format-standard","has-post-thumbnail","hentry","category-elecciones","category-society-politics","tag-coalicion-pri-prd","tag-presidencia-de-acapulco","tag-ricardo-taja-ramirez"],"_links":{"self":[{"href":"https:\/\/www.acapulcopress.com\/index.php\/wp-json\/wp\/v2\/posts\/1225938","targetHints":{"allow":["GET"]}}],"collection":[{"href":"https:\/\/www.acapulcopress.com\/index.php\/wp-json\/wp\/v2\/posts"}],"about":[{"href":"https:\/\/www.acapulcopress.com\/index.php\/wp-json\/wp\/v2\/types\/post"}],"author":[{"embeddable":true,"href":"https:\/\/www.acapulcopress.com\/index.php\/wp-json\/wp\/v2\/users\/2"}],"replies":[{"embeddable":true,"href":"https:\/\/www.acapulcopress.com\/index.php\/wp-json\/wp\/v2\/comments?post=1225938"}],"version-history":[{"count":0,"href":"https:\/\/www.acapulcopress.com\/index.php\/wp-json\/wp\/v2\/posts\/1225938\/revisions"}],"wp:featuredmedia":[{"embeddable":true,"href":"https:\/\/www.acapulcopress.com\/index.php\/wp-json\/"}],"wp:attachment":[{"href":"https:\/\/www.acapulcopress.com\/index.php\/wp-json\/wp\/v2\/media?parent=1225938"}],"wp:term":[{"taxonomy":"category","embeddable":true,"href":"https:\/\/www.acapulcopress.com\/index.php\/wp-json\/wp\/v2\/categories?post=1225938"},{"taxonomy":"post_tag","embeddable":true,"href":"https:\/\/www.acapulcopress.com\/index.php\/wp-json\/wp\/v2\/tags?post=1225938"}],"curies":[{"name":"wp","href":"https:\/\/api.w.org\/{rel}","templated":true}]}}