{"id":1225950,"date":"2021-05-01T23:30:55","date_gmt":"2021-05-02T04:30:55","guid":{"rendered":"https:\/\/www.acapulcopress.com\/?p=1225950"},"modified":"2021-05-01T23:30:55","modified_gmt":"2021-05-02T04:30:55","slug":"si-no-soluciono-el-problema-del-agua-en-ano-y-medio-me-corren-dice-igor-aguirre-a-acapulquenos","status":"publish","type":"post","link":"https:\/\/www.acapulcopress.com\/index.php\/2021\/05\/01\/si-no-soluciono-el-problema-del-agua-en-ano-y-medio-me-corren-dice-igor-aguirre-a-acapulquenos\/","title":{"rendered":"\u00abSi no soluciono el problema del agua en a\u00f1o y medio, \u00a1me corren!\u00bb, dice Igor Aguirre a acapulque\u00f1os"},"content":{"rendered":"<p><img loading=\"lazy\" decoding=\"async\" class=\"alignnone wp-image-1225956 size-large\" src=\"https:\/\/www.acapulco.press\/wp-content\/uploads\/2021\/05\/IGOR9-840x560.jpeg\" alt=\"\" width=\"840\" height=\"560\" \/><\/p>\n<p>] ACAPULCO. &#8216; 1 de mayo de 2021.<br \/>\n<em>) Especial.<\/em><\/p>\n<p style=\"text-align: justify;\">La gran demanda entre los ciudadanos es el agua potable, \u00abHoy tenemos un gran reto en Acapulco, el abastecer de <img loading=\"lazy\" decoding=\"async\" class=\"alignleft size-medium wp-image-1225953\" src=\"https:\/\/www.acapulco.press\/wp-content\/uploads\/2021\/05\/IGOR6-375x248.jpeg\" alt=\"\" width=\"375\" height=\"248\" \/>agua potable el puerto, yo como presidente, dar\u00e9 la soluci\u00f3n a este problema del vital liquido en a\u00f1o y medio, de no ser as\u00ed\u00a0 me corren de la presidencia\u00bb fueron las palabras del candidato del Partido del Trabajo (PT), Igor Aguirre V\u00e1zquez, en la colonia de los electricista, donde fue recibido por los vecinos del lugar.<\/p>\n<p style=\"text-align: justify;\">Posteriormente se traslado al mercado de la colosio, colonia Moctezuma, culminando con una caminata en la gran v\u00eda de la unidad habitacional el coloso, donde recalc\u00f3 su deseo de gobernar Acapulco, para bien de los acapulque\u00f1os, para bien de los que menos tienen y dijo \u00abvamos a sanear al ayuntamiento, vamos a gobernar con los ciudadanos, ustedes son la parte primordial de est\u00e1 campa\u00f1a, denme su confianza, voy a seguir la pol\u00edtica de nuestro presidente de M\u00e9xico, de no robar, no mentir, y no traicionar a ustedes que confiaran en mi este 6 de junio\u00bb, finaliz\u00f3.<\/p>\n\n","protected":false},"excerpt":{"rendered":"<p>] ACAPULCO. &#8216; 1 de mayo de 2021. ) Especial. La gran demanda entre los ciudadanos es el agua potable, \u00abHoy tenemos un gran reto en Acapulco, el abastecer de agua potable el puerto, yo como presidente, dar\u00e9 la soluci\u00f3n a este problema del vital liquido en a\u00f1o y medio, de no ser as\u00ed\u00a0 me&#8230;<\/p>\n","protected":false},"author":2,"featured_media":1225955,"comment_status":"closed","ping_status":"closed","sticky":false,"template":"","format":"standard","meta":{"footnotes":""},"categories":[2052,18561],"tags":[10036,14284],"class_list":["post-1225950","post","type-post","status-publish","format-standard","has-post-thumbnail","hentry","category-elecciones","category-society-politics","tag-igor-aguirre-vazquez","tag-partido-del-trabajo-pt"],"_links":{"self":[{"href":"https:\/\/www.acapulcopress.com\/index.php\/wp-json\/wp\/v2\/posts\/1225950","targetHints":{"allow":["GET"]}}],"collection":[{"href":"https:\/\/www.acapulcopress.com\/index.php\/wp-json\/wp\/v2\/posts"}],"about":[{"href":"https:\/\/www.acapulcopress.com\/index.php\/wp-json\/wp\/v2\/types\/post"}],"author":[{"embeddable":true,"href":"https:\/\/www.acapulcopress.com\/index.php\/wp-json\/wp\/v2\/users\/2"}],"replies":[{"embeddable":true,"href":"https:\/\/www.acapulcopress.com\/index.php\/wp-json\/wp\/v2\/comments?post=1225950"}],"version-history":[{"count":0,"href":"https:\/\/www.acapulcopress.com\/index.php\/wp-json\/wp\/v2\/posts\/1225950\/revisions"}],"wp:featuredmedia":[{"embeddable":true,"href":"https:\/\/www.acapulcopress.com\/index.php\/wp-json\/"}],"wp:attachment":[{"href":"https:\/\/www.acapulcopress.com\/index.php\/wp-json\/wp\/v2\/media?parent=1225950"}],"wp:term":[{"taxonomy":"category","embeddable":true,"href":"https:\/\/www.acapulcopress.com\/index.php\/wp-json\/wp\/v2\/categories?post=1225950"},{"taxonomy":"post_tag","embeddable":true,"href":"https:\/\/www.acapulcopress.com\/index.php\/wp-json\/wp\/v2\/tags?post=1225950"}],"curies":[{"name":"wp","href":"https:\/\/api.w.org\/{rel}","templated":true}]}}