{"id":1225969,"date":"2021-05-02T00:14:24","date_gmt":"2021-05-02T05:14:24","guid":{"rendered":"https:\/\/www.acapulcopress.com\/?p=1225969"},"modified":"2021-05-02T00:14:24","modified_gmt":"2021-05-02T05:14:24","slug":"ofrece-mario-moreno-un-gobierno-serio-no-uno-de-ocurrencias-o-de-desorden","status":"publish","type":"post","link":"https:\/\/www.acapulcopress.com\/index.php\/2021\/05\/02\/ofrece-mario-moreno-un-gobierno-serio-no-uno-de-ocurrencias-o-de-desorden\/","title":{"rendered":"Ofrece Mario Moreno un gobierno serio, no uno de ocurrencias o de desorden"},"content":{"rendered":"<p style=\"text-align: justify;\">] TLACOACHISTLAHUACA. &#8216; 1 de mayo de 2021.<br \/>\n) Especial.<\/p>\n<p style=\"text-align: justify;\">Entrevistado al t\u00e9rmino del evento en Tlacoachistlahuaca que form\u00f3 parte de una gira sabatina en Costa Chica, Moreno Arcos, asever\u00f3 que por encima de todo est\u00e1 el inter\u00e9s de la poblaci\u00f3n guerrerense y durante su caminar por todo Guerrero sabe que necesitan porque ha estado cerca de la poblaci\u00f3n, los ha escuchado y conoce de sus necesidades, pero sobre todo, como resolver sus necesidades. A pregunta expresa, respondi\u00f3 que nunca le interes\u00f3 quien fuera la candidata o el candidato del otro partido: \u201cCuando iniciamos esta campa\u00f1a lo hicimos pensando en que vamos a ganar, no nos interes\u00f3 nunca ni ayer ni hoy, quien sea o no el candidato del otro partido\u201d, dijo.<\/p>\n<p style=\"text-align: justify;\">El candidato de la alianza Va por Guerrero explic\u00f3 que tiene mucha claridad que es lo que quiere, \u201chemos caminado Guerrero, hemos escuchado las propuestas, las peticiones y las demandas y en esa ruta estamos\u201d.<\/p>\n<p style=\"text-align: justify;\">Confirm\u00f3 que hoy por hoy las encuestas ya le dan ventaja y que las cosas han cambiado por lo que se siente con mucho \u00e1nimo pero sobre todo con un gran compromiso \u00abcon mis hermanas y hermanos guerrerenses\u00bb.<\/p>\n<p>Adem\u00e1s se\u00f1al\u00f3 que Guerrero necesita certeza, necesita un gobierno serio, responsable, no un gobierno desordenado o del caos.<\/p>\n<p style=\"text-align: justify;\">En cuanto a los compromisos de campa\u00f1a que ha asumido, Moreno Arcos asegur\u00f3 que ser\u00e1 el candidato de la infraestructura carretera, y que la \u00fanica forma de acceder al desarrollo es mejorarla para que se avance, adem\u00e1s, en el tema de la educaci\u00f3n y salud de todas y todos los guerrerenses porque solo \u201cas\u00ed gana Guerrero\u201d.<\/p>\n<p>Y a\u00f1adi\u00f3: \u201cMario Moreno quiere echarse a cuestas con el apoyo de los costachiquenses, la atenci\u00f3n en el tema de la infraestructura carretera aparejado con el tema de educaci\u00f3n y salud que es fundamental\u201d recalc\u00f3.<\/p>\n<p>Para los artesanos prometi\u00f3 generar cr\u00e9ditos a la palabra para que tengan recursos frescos para que puedan realizar su actividad de mejor manera.<\/p>\n<p style=\"text-align: justify;\">\u201cVamos a ayudarles para incorporarlos a los mercados nacionales e internacionales para que puedan exhibir y vender sus productos, detonar la econom\u00eda y fortalecer de manera especial la artesan\u00eda en esta zona\u201d, se\u00f1al\u00f3.<\/p>\n\n","protected":false},"excerpt":{"rendered":"<p>] TLACOACHISTLAHUACA. &#8216; 1 de mayo de 2021. ) Especial. Entrevistado al t\u00e9rmino del evento en Tlacoachistlahuaca que form\u00f3 parte de una gira sabatina en Costa Chica, Moreno Arcos, asever\u00f3 que por encima de todo est\u00e1 el inter\u00e9s de la poblaci\u00f3n guerrerense y durante su caminar por todo Guerrero sabe que necesitan porque ha estado&#8230;<\/p>\n","protected":false},"author":2,"featured_media":1225976,"comment_status":"closed","ping_status":"closed","sticky":false,"template":"","format":"standard","meta":{"footnotes":""},"categories":[2053,1972],"tags":[2914,5941,12685],"class_list":["post-1225969","post","type-post","status-publish","format-standard","has-post-thumbnail","hentry","category-elecciones-special","category-special","tag-vaxguerrero","tag-coalicion-pri-prd-eleccion-guerrero-2021","tag-mario-moreno-arcos"],"_links":{"self":[{"href":"https:\/\/www.acapulcopress.com\/index.php\/wp-json\/wp\/v2\/posts\/1225969","targetHints":{"allow":["GET"]}}],"collection":[{"href":"https:\/\/www.acapulcopress.com\/index.php\/wp-json\/wp\/v2\/posts"}],"about":[{"href":"https:\/\/www.acapulcopress.com\/index.php\/wp-json\/wp\/v2\/types\/post"}],"author":[{"embeddable":true,"href":"https:\/\/www.acapulcopress.com\/index.php\/wp-json\/wp\/v2\/users\/2"}],"replies":[{"embeddable":true,"href":"https:\/\/www.acapulcopress.com\/index.php\/wp-json\/wp\/v2\/comments?post=1225969"}],"version-history":[{"count":0,"href":"https:\/\/www.acapulcopress.com\/index.php\/wp-json\/wp\/v2\/posts\/1225969\/revisions"}],"wp:featuredmedia":[{"embeddable":true,"href":"https:\/\/www.acapulcopress.com\/index.php\/wp-json\/"}],"wp:attachment":[{"href":"https:\/\/www.acapulcopress.com\/index.php\/wp-json\/wp\/v2\/media?parent=1225969"}],"wp:term":[{"taxonomy":"category","embeddable":true,"href":"https:\/\/www.acapulcopress.com\/index.php\/wp-json\/wp\/v2\/categories?post=1225969"},{"taxonomy":"post_tag","embeddable":true,"href":"https:\/\/www.acapulcopress.com\/index.php\/wp-json\/wp\/v2\/tags?post=1225969"}],"curies":[{"name":"wp","href":"https:\/\/api.w.org\/{rel}","templated":true}]}}