{"id":1226031,"date":"2021-05-02T18:05:29","date_gmt":"2021-05-02T23:05:29","guid":{"rendered":"https:\/\/www.acapulcopress.com\/?p=1226031"},"modified":"2021-05-02T18:05:29","modified_gmt":"2021-05-02T23:05:29","slug":"se-compromete-igor-aguirre-a-mejorar-imagen-de-mercados-de-acapulco-en-ano-y-medio","status":"publish","type":"post","link":"https:\/\/www.acapulcopress.com\/index.php\/2021\/05\/02\/se-compromete-igor-aguirre-a-mejorar-imagen-de-mercados-de-acapulco-en-ano-y-medio\/","title":{"rendered":"Se compromete Igor Aguirre a mejorar imagen de mercados de Acapulco en a\u00f1o y medio"},"content":{"rendered":"<p style=\"text-align: justify;\">] ACAPULCO. &#8216; 2 de mayo de 2021.<br \/>\n<em>) Especial.<\/em><\/p>\n<p style=\"text-align: justify;\">\u00abEs importante tener en buenas condiciones nuestros mercados municipales, porque ah\u00ed es donde se genera la econom\u00eda acapulque\u00f1a, sin olvidar nuestra central de abastos, ya que ninguna autoridad se ha preocupado por tenerlos en buenas condiciones\u201d, fueron la declaraciones del candidato a la presidencia municipal de Acapulco, por el Partido del Trabajo (PT), Igor Aguirre V\u00e1zquez, al t\u00e9rmino de su recorrido por los principales mercados del puerto.<\/p>\n<p style=\"text-align: justify;\">Desde muy temprano visit\u00f3 la central de abastos donde fue recibido por los locatarios, ah\u00ed la petici\u00f3n fue mejorar el estado de las techumbres y que los servicos de recolecci\u00f3n de basura sean diariamente, ya que se genera un foco de infecci\u00f3n, el tener la basura amontonada por muchos d\u00edas.<\/p>\n<p style=\"text-align: justify;\">Posteriormente se traslad\u00f3 a los mercados de la 20 de noviembre, Garita y La Laja, donde los locatarios solicitaron m\u00e1s atenci\u00f3n a estas naves de productos que son las m\u00e1s visitadas por la ciudadania.<\/p>\n<p style=\"text-align: justify;\">Finalmente Aguirre V\u00e1zquez recalc\u00f3 que hoy \u201cel PT va de la mano con la\u00a04ta transformaci\u00f3n, con las pol\u00edticas del presidente Andr\u00e9s Manuel L\u00f3pez Obrador y eso lo vamos hacer llegando como presidente de Acapulco\u201d.<\/p>\n\n","protected":false},"excerpt":{"rendered":"<p>] ACAPULCO. &#8216; 2 de mayo de 2021. ) Especial. \u00abEs importante tener en buenas condiciones nuestros mercados municipales, porque ah\u00ed es donde se genera la econom\u00eda acapulque\u00f1a, sin olvidar nuestra central de abastos, ya que ninguna autoridad se ha preocupado por tenerlos en buenas condiciones\u201d, fueron la declaraciones del candidato a la presidencia municipal&#8230;<\/p>\n","protected":false},"author":2,"featured_media":1226036,"comment_status":"closed","ping_status":"closed","sticky":false,"template":"","format":"standard","meta":{"footnotes":""},"categories":[2052,18561],"tags":[10036,14284],"class_list":["post-1226031","post","type-post","status-publish","format-standard","has-post-thumbnail","hentry","category-elecciones","category-society-politics","tag-igor-aguirre-vazquez","tag-partido-del-trabajo-pt"],"_links":{"self":[{"href":"https:\/\/www.acapulcopress.com\/index.php\/wp-json\/wp\/v2\/posts\/1226031","targetHints":{"allow":["GET"]}}],"collection":[{"href":"https:\/\/www.acapulcopress.com\/index.php\/wp-json\/wp\/v2\/posts"}],"about":[{"href":"https:\/\/www.acapulcopress.com\/index.php\/wp-json\/wp\/v2\/types\/post"}],"author":[{"embeddable":true,"href":"https:\/\/www.acapulcopress.com\/index.php\/wp-json\/wp\/v2\/users\/2"}],"replies":[{"embeddable":true,"href":"https:\/\/www.acapulcopress.com\/index.php\/wp-json\/wp\/v2\/comments?post=1226031"}],"version-history":[{"count":0,"href":"https:\/\/www.acapulcopress.com\/index.php\/wp-json\/wp\/v2\/posts\/1226031\/revisions"}],"wp:featuredmedia":[{"embeddable":true,"href":"https:\/\/www.acapulcopress.com\/index.php\/wp-json\/"}],"wp:attachment":[{"href":"https:\/\/www.acapulcopress.com\/index.php\/wp-json\/wp\/v2\/media?parent=1226031"}],"wp:term":[{"taxonomy":"category","embeddable":true,"href":"https:\/\/www.acapulcopress.com\/index.php\/wp-json\/wp\/v2\/categories?post=1226031"},{"taxonomy":"post_tag","embeddable":true,"href":"https:\/\/www.acapulcopress.com\/index.php\/wp-json\/wp\/v2\/tags?post=1226031"}],"curies":[{"name":"wp","href":"https:\/\/api.w.org\/{rel}","templated":true}]}}