{"id":1226048,"date":"2021-05-02T22:49:33","date_gmt":"2021-05-03T03:49:33","guid":{"rendered":"https:\/\/www.acapulcopress.com\/?p=1226048"},"modified":"2021-05-02T22:49:33","modified_gmt":"2021-05-03T03:49:33","slug":"anuncia-ricardo-taja-programa-de-vivienda-digna-para-familias-de-colonias-populares","status":"publish","type":"post","link":"https:\/\/www.acapulcopress.com\/index.php\/2021\/05\/02\/anuncia-ricardo-taja-programa-de-vivienda-digna-para-familias-de-colonias-populares\/","title":{"rendered":"Anuncia Ricardo Taja programa de vivienda digna para familias de colonias populares"},"content":{"rendered":"<p style=\"text-align: justify;\"><img loading=\"lazy\" decoding=\"async\" class=\"alignnone wp-image-1226051 size-large\" src=\"https:\/\/www.acapulco.press\/wp-content\/uploads\/2021\/05\/TAJA-VIVIENDA3-840x629.jpeg\" alt=\"\" width=\"840\" height=\"629\" \/><\/p>\n<p>] ACAPULCO. &#8216; 2 de mayo de 2021.<br \/>\n<em>) Especial.<\/em><\/p>\n<p style=\"text-align: justify;\">Como parte de la estrategia social para mejorar la calidad de vida de los Acapulque\u00f1os que menos tienen, el candidato del PRI-PRD al gobierno de Acapulco, Ricardo Taja Ram\u00edrez, anunci\u00f3 la creaci\u00f3n de un programa integral <img loading=\"lazy\" decoding=\"async\" class=\"alignleft size-medium wp-image-1226050\" src=\"https:\/\/www.acapulco.press\/wp-content\/uploads\/2021\/05\/TAJA-VIVIENDA2-375x250.jpeg\" alt=\"\" width=\"375\" height=\"250\" \/>para el mejoramiento de viviendas, con el otorgamiento de tinacos y l\u00e1minas todo el a\u00f1o, para la ayuda de las familias en el municipio.<\/p>\n<p style=\"text-align: justify;\">Luego de haber recorrido y saludado a locatarios del Mercado de Palma Sola, Taja Ram\u00edrez, camin\u00f3 con vecinos de la Colonia Alta independencia, donde convivi\u00f3 y escuch\u00f3 sus demandas, ah\u00ed agradecieron su presencia por ser el primer pol\u00edtico que sube a caminar hasta su colonia. Ah\u00ed el candidato se comprometi\u00f3 a apoyar a las familias para; regularizar sus tierras, la construcci\u00f3n de un puente, pavimentaci\u00f3n del andador 16 de marzo, remodelaci\u00f3n de la cancha y la <img loading=\"lazy\" decoding=\"async\" class=\"alignleft size-medium wp-image-1226049\" src=\"https:\/\/www.acapulco.press\/wp-content\/uploads\/2021\/05\/TAJA-VIVIENDA-375x250.jpeg\" alt=\"\" width=\"375\" height=\"250\" \/>adquisici\u00f3n de tinacos y l\u00e1minas todo el a\u00f1o, a trav\u00e9s de programas Integrales.<\/p>\n<p style=\"text-align: justify;\">La se\u00f1ora Artemia Lorenzo, extern\u00f3 al candidato su admiraci\u00f3n por su trabajo, honradez y por el inter\u00e9s que tiene por Acapulco, invit\u00f3 a sus vecinos a votar por Ricardo Taja y por Sheila Soto, por ser ellos j\u00f3venes. \u201cNo vamos a dudar por la capacidad de trabajar de estos j\u00f3venes, d\u00e9mosles la oportunidad de trabajar, tienen nuestro voto seguro\u201d, refiri\u00f3.<\/p>\n<p style=\"text-align: justify;\">Taja Ram\u00edrez, camin\u00f3 las colonias; Santa Cruz, Palma Sola, <img loading=\"lazy\" decoding=\"async\" class=\"alignleft size-medium wp-image-1226049\" src=\"https:\/\/www.acapulco.press\/wp-content\/uploads\/2021\/05\/TAJA-VIVIENDA-375x250.jpeg\" alt=\"\" width=\"375\" height=\"250\" \/>Morelos y Santa Cecilia, en cada una de ellas realiz\u00f3 compromisos, as\u00ed como en los mercados de Santa Cruz y el mercado de la Morelos, donde se comprometi\u00f3 a resarcir el adeudo del agua, que tiene por a\u00f1os el mercado, bajar el costo de las licencias de funcionamiento y remodelar de manera parcial cada mercado de Acapulco y otorgarles microcr\u00e9ditos a comerciantes para que puedan reactivar su econom\u00eda.<\/p>\n<p style=\"text-align: justify;\">El candidato de la coalici\u00f3n PRI-PRD, precis\u00f3 que \u00e9l le regresar\u00e1 el honor \u201cal honorable ayuntamiento\u201d, y los convoc\u00f3 a ir al triunfo, \u201ctenemos que salir a votar para rescatar a Acapulco, de la miseria y pobreza\u201d.<\/p>\n<p style=\"text-align: justify;\">En voz de los ni\u00f1os la peque\u00f1a Marian Sofia Salgado, expres\u00f3 y pidi\u00f3 a nombre de los ni\u00f1os maltratados y de los que se encuentran en las calles de Acapulco, pidiendo una moneda, que votar\u00e1n con conciencia, porque de los futuros gobernantes depende garantizar la seguridad del puerto y sus derechos, por ello Marian Sof\u00eda, invit\u00f3 a votar por Ricardo Taja, por ser una persona que nunca ha dejado de apoyar a los acapulque\u00f1os y conf\u00eda en que \u00e9l, sacar\u00e1 al puerto del abandono que se encuentra.<\/p>\n<p style=\"text-align: justify;\">El s\u00edndico de Acapulco Javier Solorio, quien acompa\u00f1\u00f3 al candidato en sus caminatas, lament\u00f3 haber sido parte del movimiento de Morena, por ser un gobierno que ha cerrado el paso a la honestidad y a los principios, por ello se sum\u00f3 al proyecto de Ricardo Taja, y pidi\u00f3 a los presentes comunicar a sus familias y amigos que la transformaci\u00f3n de Acapulco va con Taja. Record\u00f3 que cuando el municipio vivi\u00f3 la peor crisis econ\u00f3mica por la pandemia del Covid 19, \u00e9l present\u00f3 una propuesta para apoyar a las familias, \u201cel cual se fue por el ca\u00f1o de la corrupci\u00f3n, con Ricardo Taja, esos presupuestos llegar\u00e1n a los bolsillos de los acapulque\u00f1os\u201d concluy\u00f3.<\/p>\n<p style=\"text-align: justify;\">En la caminata estuvieron presentes las candidatas a diputadas local y federal, Edilma Galeana Mellin y Sheila Solo, as\u00ed como Digna Marroqu\u00edn, candidata suplente a la alcald\u00eda de Acapulco y el l\u00edder sindical Rodolfo Escobar Avila.<\/p>\n","protected":false},"excerpt":{"rendered":"<p>] ACAPULCO. &#8216; 2 de mayo de 2021. ) Especial. Como parte de la estrategia social para mejorar la calidad de vida de los Acapulque\u00f1os que menos tienen, el candidato del PRI-PRD al gobierno de Acapulco, Ricardo Taja Ram\u00edrez, anunci\u00f3 la creaci\u00f3n de un programa integral para el mejoramiento de viviendas, con el otorgamiento de&#8230;<\/p>\n","protected":false},"author":2,"featured_media":1226052,"comment_status":"closed","ping_status":"closed","sticky":false,"template":"","format":"standard","meta":{"footnotes":""},"categories":[2052,18561],"tags":[5938,15606],"class_list":["post-1226048","post","type-post","status-publish","format-standard","has-post-thumbnail","hentry","category-elecciones","category-society-politics","tag-coalicion-pri-prd","tag-ricardo-taja-ramirez"],"_links":{"self":[{"href":"https:\/\/www.acapulcopress.com\/index.php\/wp-json\/wp\/v2\/posts\/1226048","targetHints":{"allow":["GET"]}}],"collection":[{"href":"https:\/\/www.acapulcopress.com\/index.php\/wp-json\/wp\/v2\/posts"}],"about":[{"href":"https:\/\/www.acapulcopress.com\/index.php\/wp-json\/wp\/v2\/types\/post"}],"author":[{"embeddable":true,"href":"https:\/\/www.acapulcopress.com\/index.php\/wp-json\/wp\/v2\/users\/2"}],"replies":[{"embeddable":true,"href":"https:\/\/www.acapulcopress.com\/index.php\/wp-json\/wp\/v2\/comments?post=1226048"}],"version-history":[{"count":0,"href":"https:\/\/www.acapulcopress.com\/index.php\/wp-json\/wp\/v2\/posts\/1226048\/revisions"}],"wp:featuredmedia":[{"embeddable":true,"href":"https:\/\/www.acapulcopress.com\/index.php\/wp-json\/"}],"wp:attachment":[{"href":"https:\/\/www.acapulcopress.com\/index.php\/wp-json\/wp\/v2\/media?parent=1226048"}],"wp:term":[{"taxonomy":"category","embeddable":true,"href":"https:\/\/www.acapulcopress.com\/index.php\/wp-json\/wp\/v2\/categories?post=1226048"},{"taxonomy":"post_tag","embeddable":true,"href":"https:\/\/www.acapulcopress.com\/index.php\/wp-json\/wp\/v2\/tags?post=1226048"}],"curies":[{"name":"wp","href":"https:\/\/api.w.org\/{rel}","templated":true}]}}