{"id":1226057,"date":"2021-05-02T23:29:24","date_gmt":"2021-05-03T04:29:24","guid":{"rendered":"https:\/\/www.acapulcopress.com\/?p=1226057"},"modified":"2021-05-02T23:29:24","modified_gmt":"2021-05-03T04:29:24","slug":"felix-salgado-utiliza-el-odio-y-la-mentira-como-signo-de-su-obvia-desesperacion-alberto-catalan","status":"publish","type":"post","link":"https:\/\/www.acapulcopress.com\/index.php\/2021\/05\/02\/felix-salgado-utiliza-el-odio-y-la-mentira-como-signo-de-su-obvia-desesperacion-alberto-catalan\/","title":{"rendered":"F\u00e9lix Salgado utiliza el odio y la mentira como signo de su obvia desesperaci\u00f3n | Alberto Catal\u00e1n"},"content":{"rendered":"<p style=\"text-align: justify;\"><strong><em>* Analiza coalici\u00f3n PRI\/PRD demanda contra F\u00e9lix Salgado por calumnias vertidas contra Mario Moreno, advierte el presidente del PRD Guerrero.<\/em><\/strong><\/p>\n<p>] CHILPANCINGO. &#8216; 2 de mayo de 2021.<br \/>\n<em>) Especial.<\/em><\/p>\n<p style=\"text-align: justify;\">El dirigente estatal del PRD Guerrero, Alberto Catal\u00e1n Bastida, se pronunci\u00f3 el d\u00eda de hoy con respecto a las \u201cdescalificaciones y calumnias\u201d hechas por el ex candidato de morena a la gubernatura, F\u00e9lix Salgado Macedonio.<\/p>\n<p>Catal\u00e1n Bastida refiri\u00f3 que \u201cF\u00e9lix Salgado cometi\u00f3 nuevamente un error, diciendo falsedades y calumnias en contra de Mario Moreno durante un evento en el Parque de la Reina de Acapulco\u201d.<\/p>\n<p style=\"text-align: justify;\">\u201cCalumniar es un delito y F\u00e9lix puede ser demandado por ello. Le recuerdo que ya existe una norma y jurisprudencia al respecto. Tal parece que las experiencias recientes, que le hicieron perder la candidatura, no le dejaron una ense\u00f1anza significativa.\u201d Dijo el tambi\u00e9n diputado local, Alberto Catal\u00e1n.<\/p>\n<p style=\"text-align: justify;\">Al t\u00e9rmino de la gira de campa\u00f1a por la Costa chica del Estado, el presidente estatal del sol azteca, tambi\u00e9n se pronunci\u00f3 sobre el registro de Evelyn Salgado Pineda: \u201cel d\u00eda de su registro como candidata, su padre (F\u00e9lix Salgado), la redujo a ser s\u00f3lo un personaje secundario dentro de la campa\u00f1a. Y no le import\u00f3 atropellar la dignidad de su hija y ahora candidata de Morena a la gubernatura\u201d.<\/p>\n<p style=\"text-align: justify;\">A\u00f1adi\u00f3 que F\u00e9lix Salgado podr\u00eda convertirse en \u201cuna losa muy pesada para la imagen de Evelyn Salgado, pues se trata de un personaje que no controla sus emociones, mucho menos sus palabras\u201d.<\/p>\n<p style=\"text-align: justify;\">\u201cQuiero decirle claramente a F\u00e9lix Salgado, que no caeremos en ning\u00fan tipo de provocaci\u00f3n. Sabemos perfectamente, que F\u00e9lix utiliza el odio y la mentira como signo de su obvia desesperaci\u00f3n. Por eso, pedimos al \u00e1rbitro de la elecci\u00f3n, que la campa\u00f1a no rebase los l\u00edmites de lo permitido\u201d puntualiz\u00f3.<\/p>\n<p style=\"text-align: justify;\">Respecto al \u00e1nimo de la campa\u00f1a de Mario Moreno Arcos, en contraste al proceso de selecci\u00f3n de morena, manifest\u00f3 que \u201cmientras Morena sigue con su show medi\u00e1tico, nuestra alianza PRD-PRI ha recorrido todas las regiones del Estado, fortaleciendo la unidad de las estructuras y liderazgos de nuestras respectivas militancias, haciendo compromisos firmes con nuestro candidato y demostrando por qu\u00e9 somos la mejor propuesta para que a Guerrero le vaya bien\u201d.<\/p>\n","protected":false},"excerpt":{"rendered":"<p>* Analiza coalici\u00f3n PRI\/PRD demanda contra F\u00e9lix Salgado por calumnias vertidas contra Mario Moreno, advierte el presidente del PRD Guerrero. ] CHILPANCINGO. &#8216; 2 de mayo de 2021. ) Especial. El dirigente estatal del PRD Guerrero, Alberto Catal\u00e1n Bastida, se pronunci\u00f3 el d\u00eda de hoy con respecto a las \u201cdescalificaciones y calumnias\u201d hechas por el&#8230;<\/p>\n","protected":false},"author":2,"featured_media":1226058,"comment_status":"closed","ping_status":"closed","sticky":false,"template":"","format":"standard","meta":{"footnotes":""},"categories":[2053,1972],"tags":[3461,8467,13297,14806],"class_list":["post-1226057","post","type-post","status-publish","format-standard","has-post-thumbnail","hentry","category-elecciones-special","category-special","tag-alberto-catalan-bastida","tag-felix-salgado-macedonio","tag-morena","tag-prd-guerrero"],"_links":{"self":[{"href":"https:\/\/www.acapulcopress.com\/index.php\/wp-json\/wp\/v2\/posts\/1226057","targetHints":{"allow":["GET"]}}],"collection":[{"href":"https:\/\/www.acapulcopress.com\/index.php\/wp-json\/wp\/v2\/posts"}],"about":[{"href":"https:\/\/www.acapulcopress.com\/index.php\/wp-json\/wp\/v2\/types\/post"}],"author":[{"embeddable":true,"href":"https:\/\/www.acapulcopress.com\/index.php\/wp-json\/wp\/v2\/users\/2"}],"replies":[{"embeddable":true,"href":"https:\/\/www.acapulcopress.com\/index.php\/wp-json\/wp\/v2\/comments?post=1226057"}],"version-history":[{"count":0,"href":"https:\/\/www.acapulcopress.com\/index.php\/wp-json\/wp\/v2\/posts\/1226057\/revisions"}],"wp:featuredmedia":[{"embeddable":true,"href":"https:\/\/www.acapulcopress.com\/index.php\/wp-json\/"}],"wp:attachment":[{"href":"https:\/\/www.acapulcopress.com\/index.php\/wp-json\/wp\/v2\/media?parent=1226057"}],"wp:term":[{"taxonomy":"category","embeddable":true,"href":"https:\/\/www.acapulcopress.com\/index.php\/wp-json\/wp\/v2\/categories?post=1226057"},{"taxonomy":"post_tag","embeddable":true,"href":"https:\/\/www.acapulcopress.com\/index.php\/wp-json\/wp\/v2\/tags?post=1226057"}],"curies":[{"name":"wp","href":"https:\/\/api.w.org\/{rel}","templated":true}]}}