{"id":1226063,"date":"2021-05-02T23:46:11","date_gmt":"2021-05-03T04:46:11","guid":{"rendered":"https:\/\/www.acapulcopress.com\/?p=1226063"},"modified":"2021-05-02T23:46:11","modified_gmt":"2021-05-03T04:46:11","slug":"convoca-apreza-a-evelyn-salgado-a-realizar-una-campana-de-respeto-y-sin-descalificaciones","status":"publish","type":"post","link":"https:\/\/www.acapulcopress.com\/index.php\/2021\/05\/02\/convoca-apreza-a-evelyn-salgado-a-realizar-una-campana-de-respeto-y-sin-descalificaciones\/","title":{"rendered":"Convoca Apreza a Evelyn Salgado a realizar una campa\u00f1a de respeto y sin descalificaciones"},"content":{"rendered":"<p style=\"text-align: justify;\">] CHILPANCINGO. &#8216; 2 de mayo de 2021.<br \/>\n<em>) Especial.<\/em><\/p>\n<p style=\"text-align: justify;\">El coordinador de campa\u00f1a de la alianza \u201cVa por Guerrero\u201d, integrada por PRI y PRD, H\u00e9ctor Apreza Patr\u00f3n, celebr\u00f3 que el Partido Morena haya designado finalmente a su candidata, tras 50 d\u00edas de haber iniciado la campa\u00f1a. Sin embargo, al esperar un proceso de altura y sin descalificaciones, convoc\u00f3 tambi\u00e9n a la candidata designada, Evelyn Salgado Pineda, hija del ex candidato morenista, a presentar propuestas serias y viables para Guerrero.<\/p>\n<p style=\"text-align: justify;\">El tambi\u00e9n presidente estatal del Comit\u00e9 Directivo Estatal del PRI, llam\u00f3 a la candidata a realizar una campa\u00f1a de altura y respeto, y sobre todo, a dejar atr\u00e1s la etapa de las descalificaciones, el carnaval de protesta y polarizaci\u00f3n que su partido ha promovido.<\/p>\n<p style=\"text-align: justify;\">\u201cLa invitamos a participar con la altura y el respeto que las y los guerrerenses se merecen; porque ser\u00e1n precisamente nuestras paisanas y paisanos quienes decidan el 6 de junio a quien respaldar\u00e1n, por quien votar\u00e1n para que los represente como gobernador a partir del pr\u00f3ximo mes de octubre. Ah\u00ed es donde nos veremos\u201d, manifest\u00f3.<\/p>\n<p style=\"text-align: justify;\">Tambi\u00e9n se dijo convencido de que la alianza PRI\/PRD, encabezada por Mario Moreno Arcos , tiene el respaldo de las mujeres y hombres de Guerrero, luego de que su candidato ha recorrido ya las 7 regiones del estado, palpando el sentir de las juventudes, las mujeres, los campesinos, profesionistas, de los trabajadores que ven en \u00e9l un proyecto serio, sin improvisaciones y con experiencia.<\/p>\n<p style=\"text-align: justify;\">\u201cLa alianza PRI &#8211; PRD cada vez se consolida m\u00e1s, con estructuras fuertes y robustas, con candidatas y candidatos bien vistos en todos los distritos y municipios, sobre todo con algo de lo que carecen quienes hoy abanderan un triunfalismo sin sentido\u201d, se\u00f1al\u00f3.<\/p>\n","protected":false},"excerpt":{"rendered":"<p>] CHILPANCINGO. &#8216; 2 de mayo de 2021. ) Especial. El coordinador de campa\u00f1a de la alianza \u201cVa por Guerrero\u201d, integrada por PRI y PRD, H\u00e9ctor Apreza Patr\u00f3n, celebr\u00f3 que el Partido Morena haya designado finalmente a su candidata, tras 50 d\u00edas de haber iniciado la campa\u00f1a. Sin embargo, al esperar un proceso de altura&#8230;<\/p>\n","protected":false},"author":2,"featured_media":1180285,"comment_status":"closed","ping_status":"closed","sticky":false,"template":"","format":"standard","meta":{"footnotes":""},"categories":[2052,18561],"tags":[2914,5941,8251,9702,12685,13297,17706],"class_list":["post-1226063","post","type-post","status-publish","format-standard","has-post-thumbnail","hentry","category-elecciones","category-society-politics","tag-vaxguerrero","tag-coalicion-pri-prd-eleccion-guerrero-2021","tag-evelyn-salgado-pineda","tag-hector-apreza-patron","tag-mario-moreno-arcos","tag-morena","tag-va-por-guerrero"],"_links":{"self":[{"href":"https:\/\/www.acapulcopress.com\/index.php\/wp-json\/wp\/v2\/posts\/1226063","targetHints":{"allow":["GET"]}}],"collection":[{"href":"https:\/\/www.acapulcopress.com\/index.php\/wp-json\/wp\/v2\/posts"}],"about":[{"href":"https:\/\/www.acapulcopress.com\/index.php\/wp-json\/wp\/v2\/types\/post"}],"author":[{"embeddable":true,"href":"https:\/\/www.acapulcopress.com\/index.php\/wp-json\/wp\/v2\/users\/2"}],"replies":[{"embeddable":true,"href":"https:\/\/www.acapulcopress.com\/index.php\/wp-json\/wp\/v2\/comments?post=1226063"}],"version-history":[{"count":0,"href":"https:\/\/www.acapulcopress.com\/index.php\/wp-json\/wp\/v2\/posts\/1226063\/revisions"}],"wp:featuredmedia":[{"embeddable":true,"href":"https:\/\/www.acapulcopress.com\/index.php\/wp-json\/"}],"wp:attachment":[{"href":"https:\/\/www.acapulcopress.com\/index.php\/wp-json\/wp\/v2\/media?parent=1226063"}],"wp:term":[{"taxonomy":"category","embeddable":true,"href":"https:\/\/www.acapulcopress.com\/index.php\/wp-json\/wp\/v2\/categories?post=1226063"},{"taxonomy":"post_tag","embeddable":true,"href":"https:\/\/www.acapulcopress.com\/index.php\/wp-json\/wp\/v2\/tags?post=1226063"}],"curies":[{"name":"wp","href":"https:\/\/api.w.org\/{rel}","templated":true}]}}