{"id":1226069,"date":"2021-05-03T00:06:56","date_gmt":"2021-05-03T05:06:56","guid":{"rendered":"https:\/\/www.acapulcopress.com\/?p=1226069"},"modified":"2021-05-03T00:06:56","modified_gmt":"2021-05-03T05:06:56","slug":"nos-respalda-la-experiencia-vamos-a-ganar-el-6-de-junio-mario-moreno","status":"publish","type":"post","link":"https:\/\/www.acapulcopress.com\/index.php\/2021\/05\/03\/nos-respalda-la-experiencia-vamos-a-ganar-el-6-de-junio-mario-moreno\/","title":{"rendered":"Nos respalda la experiencia: \u00ab\u00a1Vamos a ganar el 6 de junio!\u00bb | Mario Moreno"},"content":{"rendered":"<p style=\"text-align: justify;\">] CUAJINICUILAPA, Gro. &#8216; 2 de mayo de 2021.<br \/>\n<em>) Especial.<\/em><\/p>\n<p style=\"text-align: justify;\">\u201cEn Guerrero no vale la improvisaci\u00f3n\u201d, dijo el candidato de la alianza PRI-PRD Mario Moreno Arcos quien visit\u00f3 la <img loading=\"lazy\" decoding=\"async\" class=\"alignleft size-medium wp-image-1226081\" src=\"https:\/\/www.acapulco.press\/wp-content\/uploads\/2021\/05\/MARIOMORENOGOBERNADOR12-375x250.jpeg\" alt=\"\" width=\"375\" height=\"250\" \/>Costa Chica, donde reiter\u00f3: \u00abhe escuchado a mis paisanos y paisanas guerrerenses de esta hermosa regi\u00f3n, la que conozco por los m\u00faltiples recorridos que he hecho y tengo la experiencia para resolver la problem\u00e1tica que m\u00e1s les aqueja, porque As\u00ed Gana Guerrero\u00bb.<\/p>\n<p style=\"text-align: justify;\">Este domingo, acompa\u00f1ado del dirigente estatal del PRD Alberto Catal\u00e1n Bastida, las candidatas a diputada federal Greta Ventura y a diputada local, Rosal\u00eda Benito Vargas, Moreno Arcos visit\u00f3 los municipios de Cuajinicuilapa, Juchit\u00e1n y Azoy\u00fa, a los que prometi\u00f3 regresar como gobernador para atender las necesidades particulares de la <img loading=\"lazy\" decoding=\"async\" class=\"alignleft size-medium wp-image-1226075\" src=\"https:\/\/www.acapulco.press\/wp-content\/uploads\/2021\/05\/MARIOMORENOGOBERNADOR6-375x250.jpeg\" alt=\"\" width=\"375\" height=\"250\" \/>regi\u00f3n.<\/p>\n<p style=\"text-align: justify;\">\u00abCuando llegue al gobierno de Guerrero habr\u00e1 una gran participaci\u00f3n de las mujeres\u00bb pronunci\u00f3 en el poblado de el Pitahayo, municipio de Cuajinicuilapa, donde acompa\u00f1\u00f3 a Lorena Quiterio Garc\u00eda, en su campa\u00f1a a la presidencia municipal y se\u00f1al\u00f3 que en coordinaci\u00f3n el reto ser\u00e1 hacer \u00abproducir el campo\u00bb.<\/p>\n<p style=\"text-align: justify;\">Dado que en esa zona hay una enorme producci\u00f3n de ma\u00edz, ofreci\u00f3 que a la llegada de Mario Moreno como gobernador lo har\u00e1 el granero de Guerrero, e impulsar\u00e1 la tecnificaci\u00f3n del <img loading=\"lazy\" decoding=\"async\" class=\"alignleft size-medium wp-image-1226073\" src=\"https:\/\/www.acapulco.press\/wp-content\/uploads\/2021\/05\/MARIOMORENOGOBERNADOR4-375x250.jpeg\" alt=\"\" width=\"375\" height=\"250\" \/>campo.<\/p>\n<p style=\"text-align: justify;\">\u00abVoy a meter 500 tractores al campo guerrerense y aqu\u00ed en Cuajinicuilapa vamos a impulsar el granero de Guerrero\u00bb enfatiz\u00f3.<\/p>\n<p style=\"text-align: justify;\">\u00abMario Moreno Arcos es un hombre de gran coraz\u00f3n, vemos en Mario el hombre capaz, el hombre con valores, el hombre que respeta a las mujeres, de respeto a los hombres y que respeta al estado de Guerrero\u00bb fue el recibimiento que le dio Emigdio Moctezuma, presidente del PRI en Juchit\u00e1n, a nombre de todos los habitantes.<\/p>\n<p style=\"text-align: justify;\"><img loading=\"lazy\" decoding=\"async\" class=\"alignleft size-medium wp-image-1226070\" src=\"https:\/\/www.acapulco.press\/wp-content\/uploads\/2021\/05\/MARIOMORENOGOBERNADOR-375x211.jpeg\" alt=\"\" width=\"375\" height=\"211\" \/>En ese municipio dijo que \u00abla salud es algo de lo m\u00e1s importante que debe procurar cualquier gobierno\u00bb por lo que va a \u00abconstruir un hospital con servicios ampliados\u00bb que ah\u00ed se necesita, adem\u00e1s de atender el tema de servicios b\u00e1sicos y pavimentaci\u00f3n de caminos en coordinaci\u00f3n con el gobierno municipal.<\/p>\n<p style=\"text-align: justify;\">Para culminar una gira exitosa por la Costa Chica, en Azoy\u00fa al lado de Manuel A\u00f1orve Ba\u00f1os acompa\u00f1\u00f3 a Luis Justo Bautista, candidato a la alcald\u00eda municipal por el PRI-PRD, <img loading=\"lazy\" decoding=\"async\" class=\"alignleft size-medium wp-image-1226074\" src=\"https:\/\/www.acapulco.press\/wp-content\/uploads\/2021\/05\/MARIOMORENOGOBERNADOR5-375x250.jpeg\" alt=\"\" width=\"375\" height=\"250\" \/>donde dijo que la alianza que encabeza es la alianza ganadora para el pr\u00f3ximo 6 de junio: \u00abVamos a ganarle a quien nos pongan enfrente\u00bb.<\/p>\n<p style=\"text-align: justify;\">Alberto Catal\u00e1n Bastida, dirigente del PRD estatal, coincidi\u00f3 en que el proyecto Va por Guerrero se ha visto fortalecido cada vez m\u00e1s: \u00abNo vemos por d\u00f3nde los de enfrente nos puedan ganar, ya los empatamos y ya estamos por rebasarlos\u00bb asever\u00f3.<\/p>\n<p style=\"text-align: justify;\">Y agreg\u00f3 \u00aball\u00e1 solamente hay improvisaci\u00f3n, hay desastre, hay peleas, aqu\u00ed hay unidad y la unidad es la fortaleza de esta alianza que nos llevar\u00e1 al triunfo el pr\u00f3ximo 6 de junio\u00bb sentenci\u00f3.<\/p>\n<p><img loading=\"lazy\" decoding=\"async\" class=\"alignnone wp-image-1226084 size-large\" src=\"https:\/\/www.acapulco.press\/wp-content\/uploads\/2021\/05\/MARIOMORENOGOBERNADOR15-840x268.jpeg\" alt=\"\" width=\"840\" height=\"268\" \/><\/p>\n","protected":false},"excerpt":{"rendered":"<p>] CUAJINICUILAPA, Gro. &#8216; 2 de mayo de 2021. ) Especial. \u201cEn Guerrero no vale la improvisaci\u00f3n\u201d, dijo el candidato de la alianza PRI-PRD Mario Moreno Arcos quien visit\u00f3 la Costa Chica, donde reiter\u00f3: \u00abhe escuchado a mis paisanos y paisanas guerrerenses de esta hermosa regi\u00f3n, la que conozco por los m\u00faltiples recorridos que he&#8230;<\/p>\n","protected":false},"author":2,"featured_media":1226077,"comment_status":"closed","ping_status":"closed","sticky":false,"template":"","format":"standard","meta":{"footnotes":""},"categories":[2053,1972],"tags":[2914,5941,12685],"class_list":["post-1226069","post","type-post","status-publish","format-standard","has-post-thumbnail","hentry","category-elecciones-special","category-special","tag-vaxguerrero","tag-coalicion-pri-prd-eleccion-guerrero-2021","tag-mario-moreno-arcos"],"_links":{"self":[{"href":"https:\/\/www.acapulcopress.com\/index.php\/wp-json\/wp\/v2\/posts\/1226069","targetHints":{"allow":["GET"]}}],"collection":[{"href":"https:\/\/www.acapulcopress.com\/index.php\/wp-json\/wp\/v2\/posts"}],"about":[{"href":"https:\/\/www.acapulcopress.com\/index.php\/wp-json\/wp\/v2\/types\/post"}],"author":[{"embeddable":true,"href":"https:\/\/www.acapulcopress.com\/index.php\/wp-json\/wp\/v2\/users\/2"}],"replies":[{"embeddable":true,"href":"https:\/\/www.acapulcopress.com\/index.php\/wp-json\/wp\/v2\/comments?post=1226069"}],"version-history":[{"count":0,"href":"https:\/\/www.acapulcopress.com\/index.php\/wp-json\/wp\/v2\/posts\/1226069\/revisions"}],"wp:featuredmedia":[{"embeddable":true,"href":"https:\/\/www.acapulcopress.com\/index.php\/wp-json\/"}],"wp:attachment":[{"href":"https:\/\/www.acapulcopress.com\/index.php\/wp-json\/wp\/v2\/media?parent=1226069"}],"wp:term":[{"taxonomy":"category","embeddable":true,"href":"https:\/\/www.acapulcopress.com\/index.php\/wp-json\/wp\/v2\/categories?post=1226069"},{"taxonomy":"post_tag","embeddable":true,"href":"https:\/\/www.acapulcopress.com\/index.php\/wp-json\/wp\/v2\/tags?post=1226069"}],"curies":[{"name":"wp","href":"https:\/\/api.w.org\/{rel}","templated":true}]}}