{"id":1226102,"date":"2021-05-03T18:26:35","date_gmt":"2021-05-03T23:26:35","guid":{"rendered":"https:\/\/www.acapulcopress.com\/?p=1226102"},"modified":"2021-05-03T18:26:35","modified_gmt":"2021-05-03T23:26:35","slug":"paco-rodriguez-candidato-de-ornato-que-figura-gracias-a-su-suplente-rene-reyes","status":"publish","type":"post","link":"https:\/\/www.acapulcopress.com\/index.php\/2021\/05\/03\/paco-rodriguez-candidato-de-ornato-que-figura-gracias-a-su-suplente-rene-reyes\/","title":{"rendered":"#Paco Rodr\u00edguez, candidato de ornato que figura gracias a su suplente, Ren\u00e9 Reyes"},"content":{"rendered":"<p style=\"text-align: justify;\">\u00bb Redacci\u00f3n.<br \/>\n] ACAPULCO. &#8216; 3 de mayo de 2021.<br \/>\n<em>) Especial.<\/em><\/p>\n<p style=\"text-align: justify;\">En 2018, sin ser de su competencia, por no ser el rol que le corresponde a un legislador, el entonces candidato a diputado local por el distrito 03 de la coalici\u00f3n <em>Por Guerrero al Frente <\/em>(PAN, MC, PRD)<em>,<\/em> Francisco Rodr\u00edguez Otero, prometi\u00f3 legislar por un servicio de transporte digno para Acapulco, pero se opuso a la reducci\u00f3n de sueldos de los diputados, por considerar que los diputados deben ser \u00abbien pagados\u00bb, aunque casi nunca hacen nada en el Congreso de Estado.<\/p>\n<p style=\"text-align: justify;\">En 2018 #Paco Rodr\u00edguez tampoco present\u00f3 su declaraci\u00f3n <em>#3de3<\/em> para hacer p\u00fablicos y transparentes su situaci\u00f3n patrimonial, fiscal y financiera, algo que no es propio del ex panista que ahora compite de nuevo por el mismo distrito pero bajo las banderas del PRI y el PRD, donde nuevamente est\u00e1 realizado sus misma promesas arcaicas y a\u00f1ejas que no convencen, propias de un gestor de colonias, no de un candidato a diputado, enviando un mensaje que indica que lo \u00fanico que le importa son de nuevo sus intereses personales, jam\u00e1s los de los acapulque\u00f1os, lo que le ha valido ser tachado de \u00aboportunista\u00bb, como se\u00f1al\u00f3 el a\u00f1o pasado el dirigente estatal del Partido Acci\u00f3n Nacional (PAN), Eloy Salmer\u00f3n D\u00edaz.<\/p>\n<p style=\"text-align: justify;\">Rodr\u00edguez Otero ha sido ya dos veces diputado: una vez federal y otra local&#8230; pero por la v\u00eda plurinominal, es decir, a\u00fan no ha conseguido sentir la satisfacci\u00f3n de ser electo en urnas por el pueblo, por un electorado distrital con decisi\u00f3n y preferencias reales.<\/p>\n<p style=\"text-align: justify;\">De acuerdo con informes legislativos, Francisco Rodr\u00edguez ha tenido desempe\u00f1os mediocres en las C\u00e1mara de Diputados y el Congreso del Estado; su nulo compromiso con la transparencia queda claro cuando se le ha preguntado si ya present\u00f3 su declaraci\u00f3n #3de3 y solo responde que se compromete hacerla p\u00fablica el d\u00eda que la presente, pero hasta ah\u00ed queda el asunto.<\/p>\n<p style=\"text-align: justify;\">El actual compromiso de #Paco Rodr\u00edguez como candidato de la alianza PRI\/PRD en el distrito 3 es m\u00e1s como gestor social que candidato a diputado.<\/p>\n<p style=\"text-align: justify;\">Si no fuese por el trabajo que realmente realiza su suplente de f\u00f3rmula, Ren\u00e9 Reyes Herrera, Francisco Rodr\u00edguez Otero ni siquiera figurara como candidato.<\/p>\n<p style=\"text-align: justify;\">Ren\u00e9 Reyes es quien abre brechas, le da imagen al opaco ex panista que se jacta de no ser un oportunista pero en los hechos deja m\u00e1s que evidente ser lo que niega.<\/p>\n<p style=\"text-align: justify;\">Los hechos muestran que sin Ren\u00e9 Reyes #Paco Rodr\u00edguez ni figurar\u00eda y har\u00eda lo que siempre ha hecho: colgarse de la fama de otros para poder destacar, como ahora lo hace con Mario Moreno, candidato a Gobernador de la coalici\u00f3n PRI\/PRD, y de Ricardo Taja, candidato a Presidente de Acapulco, cuya propaganda de ambos con su nombre sobrepuesto coloca en su muro de Facebook para ganar adeptos, los cuales no consigue porque para los habitantes del Distrito 3 quien merece la diputaci\u00f3n local es Ren\u00e9 Reyes, no el gris\u00e1ceo ex panista que si no es por la v\u00eda plurinominal jam\u00e1s en su vida hubiera sido diputado federal y local.<\/p>\n","protected":false},"excerpt":{"rendered":"<p>\u00bb Redacci\u00f3n. ] ACAPULCO. &#8216; 3 de mayo de 2021. ) Especial. En 2018, sin ser de su competencia, por no ser el rol que le corresponde a un legislador, el entonces candidato a diputado local por el distrito 03 de la coalici\u00f3n Por Guerrero al Frente (PAN, MC, PRD), Francisco Rodr\u00edguez Otero, prometi\u00f3 legislar&#8230;<\/p>\n","protected":false},"author":2,"featured_media":1226109,"comment_status":"closed","ping_status":"closed","sticky":false,"template":"","format":"standard","meta":{"footnotes":""},"categories":[2052,18561],"tags":[8895,15483],"class_list":["post-1226102","post","type-post","status-publish","format-standard","has-post-thumbnail","hentry","category-elecciones","category-society-politics","tag-francisco-rodriguez-otero","tag-rene-reyes-herrera"],"_links":{"self":[{"href":"https:\/\/www.acapulcopress.com\/index.php\/wp-json\/wp\/v2\/posts\/1226102","targetHints":{"allow":["GET"]}}],"collection":[{"href":"https:\/\/www.acapulcopress.com\/index.php\/wp-json\/wp\/v2\/posts"}],"about":[{"href":"https:\/\/www.acapulcopress.com\/index.php\/wp-json\/wp\/v2\/types\/post"}],"author":[{"embeddable":true,"href":"https:\/\/www.acapulcopress.com\/index.php\/wp-json\/wp\/v2\/users\/2"}],"replies":[{"embeddable":true,"href":"https:\/\/www.acapulcopress.com\/index.php\/wp-json\/wp\/v2\/comments?post=1226102"}],"version-history":[{"count":0,"href":"https:\/\/www.acapulcopress.com\/index.php\/wp-json\/wp\/v2\/posts\/1226102\/revisions"}],"wp:featuredmedia":[{"embeddable":true,"href":"https:\/\/www.acapulcopress.com\/index.php\/wp-json\/"}],"wp:attachment":[{"href":"https:\/\/www.acapulcopress.com\/index.php\/wp-json\/wp\/v2\/media?parent=1226102"}],"wp:term":[{"taxonomy":"category","embeddable":true,"href":"https:\/\/www.acapulcopress.com\/index.php\/wp-json\/wp\/v2\/categories?post=1226102"},{"taxonomy":"post_tag","embeddable":true,"href":"https:\/\/www.acapulcopress.com\/index.php\/wp-json\/wp\/v2\/tags?post=1226102"}],"curies":[{"name":"wp","href":"https:\/\/api.w.org\/{rel}","templated":true}]}}