{"id":1226164,"date":"2021-05-03T10:47:34","date_gmt":"2021-05-03T15:47:34","guid":{"rendered":"https:\/\/www.acapulco.press\/?p=1226164"},"modified":"2021-05-03T10:47:34","modified_gmt":"2021-05-03T15:47:34","slug":"fiscalia-vincula-a-proceso-a-cinco-homicidas-4-de-iguala-y-1-de-tecoanapa","status":"publish","type":"post","link":"https:\/\/www.acapulcopress.com\/index.php\/2021\/05\/03\/fiscalia-vincula-a-proceso-a-cinco-homicidas-4-de-iguala-y-1-de-tecoanapa\/","title":{"rendered":"Fiscal\u00eda vincula a proceso a cinco homicidas; 4 de Iguala y 1 de Tecoanapa"},"content":{"rendered":"<p style=\"text-align: justify;\">CHILPANCINGO. &#8216; 3 de mayo de 2021.<br \/>\n<em>) <a href=\"https:\/\/fiscaliaguerrero.gob.mx\" target=\"_blank\" rel=\"noopener\">https:\/\/fiscaliaguerrero.gob.mx<\/a>.<\/em><\/p>\n<p style=\"text-align: justify;\">Fiscal\u00eda de Guerrero logr\u00f3 vinculaci\u00f3n a proceso en contra de cuatro masculinos por delito de Homocidio doloso, en Iguala de la Independencia<\/p>\n<p style=\"text-align: justify;\">Chilpancingo, Gro. 03 de mayo de 2021.- Vinculaci\u00f3n a proceso logr\u00f3 el Ministerio P\u00fablico adscrito en Iguala de la Independencia en contra de cuatro masculinos, como probables responsables del delito de Homicidio Doloso en grado de tentativa acabada, hechos en carpeta judicial C-131\/2021.<\/p>\n<p style=\"text-align: justify;\">Los imputados Alan Daniel \u00abN\u00bb, Justino \u00abN\u00bb, Armando \u00abN\u00bb y Valent\u00edn \u00abN\u00bb fueron detenidos en flagrancia cuando un reporte a C-4 dieron el aviso que en Calle Ignacio Comonfort, colonia Centro, en Iguala, se encontraban disparando en ese domicilio en el \u00e1rea del patio peligrando la vida de los vecinos.<\/p>\n<p style=\"text-align: justify;\">Al llegar los elementos policiacos fueron agredidos por civiles armados, quedando uno de los agresores sin vida y logrando la detenci\u00f3n de cuatro personas del sexo masculino.<\/p>\n<p style=\"text-align: justify;\">Por estos hechos en audiencia inicial el Juez de Control vincul\u00f3 a proceso a los imputados por el delito en menci\u00f3n quedando internos en el Centro de Reinserci\u00f3n Social de Iguala de la Independencia, otorgando un mes de investigaci\u00f3n complementaria.<\/p>\n<p><strong>ASESINO DE TECOACAPA VINCULADO A PROCESO<\/strong><\/p>\n<p style=\"text-align: justify;\"><img loading=\"lazy\" decoding=\"async\" class=\"alignleft size-medium wp-image-1226166\" src=\"https:\/\/www.acapulco.press\/wp-content\/uploads\/2021\/05\/fge-julio-375x363.jpg\" alt=\"\" width=\"375\" height=\"363\" \/>La Fiscal\u00eda General del Estado a trav\u00e9s del Ministerio P\u00fablico de Costa Chica, obtuvo vinculaci\u00f3n a proceso en contra de Julio \u00abN\u00bb, acusado como probable responsable del delito de Homicidio Calificado (por arma blanca) en agravio de Rodrigo \u00abN\u00bb.<\/p>\n<p style=\"text-align: justify;\">La carpeta judicial C-23\/2021 se\u00f1ala que Julio \u00abN\u00bb se encontraba en compa\u00f1\u00eda de f\u00e9mina en el interior del domicilio de la v\u00edctima el d\u00eda 9 de noviembre de 2020, cuando lleg\u00f3 y fue sometido por el imputado mientras con arma punzocortante le provocaron lesiones que lo privaron de la vida, lo anterior en el municipio de Tecoanapa.<\/p>\n<p style=\"text-align: justify;\">El Juez de Control y Enjuiciamiento Penal en Costa Chica dict\u00f3 vinculaci\u00f3n a proceso en contra de Julio \u00abN\u00bb por delito de Homicidio Calificado en agravio de Rodrigo \u00abN\u00bb, quedando interno en el Centro de Reinserci\u00f3n Social, con la medida cautelar de prisi\u00f3n preventiva oficiosa y dos meses de investigaci\u00f3n complementaria la cual concluye el 1 de julio del presente a\u00f1o.<\/p>\n","protected":false},"excerpt":{"rendered":"<p>CHILPANCINGO. &#8216; 3 de mayo de 2021. ) https:\/\/fiscaliaguerrero.gob.mx. Fiscal\u00eda de Guerrero logr\u00f3 vinculaci\u00f3n a proceso en contra de cuatro masculinos por delito de Homocidio doloso, en Iguala de la Independencia Chilpancingo, Gro. 03 de mayo de 2021.- Vinculaci\u00f3n a proceso logr\u00f3 el Ministerio P\u00fablico adscrito en Iguala de la Independencia en contra de cuatro&#8230;<\/p>\n","protected":false},"author":2,"featured_media":1226165,"comment_status":"closed","ping_status":"closed","sticky":false,"template":"","format":"standard","meta":{"footnotes":""},"categories":[18561,2005],"tags":[8682,10946,14737],"class_list":["post-1226164","post","type-post","status-publish","format-standard","has-post-thumbnail","hentry","category-society-politics","category-seguridad-y-justicia","tag-fiscalia-general-de-guerrero-fge","tag-jorge-zuriel-de-los-santos-barrila","tag-policia-ministerial-de-guerrero"],"_links":{"self":[{"href":"https:\/\/www.acapulcopress.com\/index.php\/wp-json\/wp\/v2\/posts\/1226164","targetHints":{"allow":["GET"]}}],"collection":[{"href":"https:\/\/www.acapulcopress.com\/index.php\/wp-json\/wp\/v2\/posts"}],"about":[{"href":"https:\/\/www.acapulcopress.com\/index.php\/wp-json\/wp\/v2\/types\/post"}],"author":[{"embeddable":true,"href":"https:\/\/www.acapulcopress.com\/index.php\/wp-json\/wp\/v2\/users\/2"}],"replies":[{"embeddable":true,"href":"https:\/\/www.acapulcopress.com\/index.php\/wp-json\/wp\/v2\/comments?post=1226164"}],"version-history":[{"count":0,"href":"https:\/\/www.acapulcopress.com\/index.php\/wp-json\/wp\/v2\/posts\/1226164\/revisions"}],"wp:featuredmedia":[{"embeddable":true,"href":"https:\/\/www.acapulcopress.com\/index.php\/wp-json\/"}],"wp:attachment":[{"href":"https:\/\/www.acapulcopress.com\/index.php\/wp-json\/wp\/v2\/media?parent=1226164"}],"wp:term":[{"taxonomy":"category","embeddable":true,"href":"https:\/\/www.acapulcopress.com\/index.php\/wp-json\/wp\/v2\/categories?post=1226164"},{"taxonomy":"post_tag","embeddable":true,"href":"https:\/\/www.acapulcopress.com\/index.php\/wp-json\/wp\/v2\/tags?post=1226164"}],"curies":[{"name":"wp","href":"https:\/\/api.w.org\/{rel}","templated":true}]}}