{"id":1226190,"date":"2021-05-03T22:07:21","date_gmt":"2021-05-04T03:07:21","guid":{"rendered":"https:\/\/www.acapulco.press\/?p=1226190"},"modified":"2021-05-03T22:07:21","modified_gmt":"2021-05-04T03:07:21","slug":"seguira-con-su-campana-de-respeto-sin-engancharse-en-provocaciones-dice-mario-morena","status":"publish","type":"post","link":"https:\/\/www.acapulcopress.com\/index.php\/2021\/05\/03\/seguira-con-su-campana-de-respeto-sin-engancharse-en-provocaciones-dice-mario-morena\/","title":{"rendered":"Seguir\u00e1 con su campa\u00f1a de respeto sin engancharse en provocaciones, dice Mario Moreno"},"content":{"rendered":"<p style=\"text-align: justify;\">] CHILPANCINGO. &#8216; 3 de mayo de 2021.<br \/>\n<em>) Especial.<\/em><\/p>\n<p style=\"text-align: justify;\">El candidato a gobernador de la alianza PRI-PRD, Mario Moreno Arcos, asegur\u00f3 que seguir\u00e1 haciendo una campa\u00f1a de propuestas y que no se va a enganchar, que tomar\u00e1 \u201clas cosas de quien vienen\u201d y se dijo confiado en que prevalecer\u00e1 el respeto entre los contendientes.<\/p>\n<p style=\"text-align: justify;\">Se\u00f1alo que si un candidato o una candidata quiere debatir con gusto, pero no se enganchar\u00e1 con quien solo busca llamar la atenci\u00f3n.<\/p>\n<p style=\"text-align: justify;\">Moreno Arcos explic\u00f3 que est\u00e1 preocupado porque haya paz, tranquilidad entre la poblaci\u00f3n, en llevar soluciones y propuestas, \u201cyo en lo dem\u00e1s no me engancho\u201d.<\/p>\n<p style=\"text-align: justify;\">\u201cGuerrero necesita que haya paz, que haya tranquilidad. Que quienes est\u00e9n buscando ser el gobernador de Guerrero lleven propuestas serias, responsables y yo en eso estoy, no me engancho en lo dem\u00e1s\u201d.<\/p>\n<p style=\"text-align: justify;\">En cuanto a su propuesta a favor de las mujeres, indic\u00f3 que ha hablado de la creaci\u00f3n de la Fiscal\u00eda Especializada en Delitos Contra las Mujeres y en cuanto al tema de los feminicidios, el candidato de <em>As\u00ed Gana Guerrero<\/em> manifest\u00f3 que es un asunto que se debe atender de manera urgente y que se apliquen penas severas para que esto ya no ocurra m\u00e1s, ni en M\u00e9xico ni en Guerrero.<\/p>\n<p style=\"text-align: justify;\">\u201cQue haya Agencias del Ministerio P\u00fablico para atender delitos contra las mujeres, s\u00e9 que hay ciudades seguras. He hablado de la atenci\u00f3n a las estancias infantiles como un programa estatal. B\u00e1sicamente son temas que hoy est\u00e1 asociaci\u00f3n civil me ha planteado\u201d, asever\u00f3.<\/p>\n<p style=\"text-align: justify;\">En cuanto a las intervenciones del presidente en esta contienda electoral, dijo que los \u00f3rganos electorales deben garantizar que sea una contienda apegada a la ley, con respeto a las instituciones y a la democracia.<\/p>\n","protected":false},"excerpt":{"rendered":"<p>] CHILPANCINGO. &#8216; 3 de mayo de 2021. ) Especial. El candidato a gobernador de la alianza PRI-PRD, Mario Moreno Arcos, asegur\u00f3 que seguir\u00e1 haciendo una campa\u00f1a de propuestas y que no se va a enganchar, que tomar\u00e1 \u201clas cosas de quien vienen\u201d y se dijo confiado en que prevalecer\u00e1 el respeto entre los contendientes&#8230;.<\/p>\n","protected":false},"author":2,"featured_media":1226191,"comment_status":"closed","ping_status":"closed","sticky":false,"template":"","format":"standard","meta":{"footnotes":""},"categories":[2052,18561],"tags":[2914,4246,5941,12685],"class_list":["post-1226190","post","type-post","status-publish","format-standard","has-post-thumbnail","hentry","category-elecciones","category-society-politics","tag-vaxguerrero","tag-asi-gana-guerrero","tag-coalicion-pri-prd-eleccion-guerrero-2021","tag-mario-moreno-arcos"],"_links":{"self":[{"href":"https:\/\/www.acapulcopress.com\/index.php\/wp-json\/wp\/v2\/posts\/1226190","targetHints":{"allow":["GET"]}}],"collection":[{"href":"https:\/\/www.acapulcopress.com\/index.php\/wp-json\/wp\/v2\/posts"}],"about":[{"href":"https:\/\/www.acapulcopress.com\/index.php\/wp-json\/wp\/v2\/types\/post"}],"author":[{"embeddable":true,"href":"https:\/\/www.acapulcopress.com\/index.php\/wp-json\/wp\/v2\/users\/2"}],"replies":[{"embeddable":true,"href":"https:\/\/www.acapulcopress.com\/index.php\/wp-json\/wp\/v2\/comments?post=1226190"}],"version-history":[{"count":0,"href":"https:\/\/www.acapulcopress.com\/index.php\/wp-json\/wp\/v2\/posts\/1226190\/revisions"}],"wp:featuredmedia":[{"embeddable":true,"href":"https:\/\/www.acapulcopress.com\/index.php\/wp-json\/"}],"wp:attachment":[{"href":"https:\/\/www.acapulcopress.com\/index.php\/wp-json\/wp\/v2\/media?parent=1226190"}],"wp:term":[{"taxonomy":"category","embeddable":true,"href":"https:\/\/www.acapulcopress.com\/index.php\/wp-json\/wp\/v2\/categories?post=1226190"},{"taxonomy":"post_tag","embeddable":true,"href":"https:\/\/www.acapulcopress.com\/index.php\/wp-json\/wp\/v2\/tags?post=1226190"}],"curies":[{"name":"wp","href":"https:\/\/api.w.org\/{rel}","templated":true}]}}