{"id":1226198,"date":"2021-05-03T22:36:31","date_gmt":"2021-05-04T03:36:31","guid":{"rendered":"https:\/\/www.acapulco.press\/?p=1226198"},"modified":"2021-05-03T22:36:31","modified_gmt":"2021-05-04T03:36:31","slug":"recibe-mario-moreno-mas-adhesiones-de-lideres-de-morena","status":"publish","type":"post","link":"https:\/\/www.acapulcopress.com\/index.php\/2021\/05\/03\/recibe-mario-moreno-mas-adhesiones-de-lideres-de-morena\/","title":{"rendered":"Recibe Mario Moreno m\u00e1s adhesiones de l\u00edderes de Morena"},"content":{"rendered":"<p style=\"text-align: justify;\">] CHILPANCINGO. &#8216; 3 de mayo de 2021.<br \/>\n<em>) Especial.<\/em><\/p>\n<p style=\"text-align: justify;\">Este lunes el candidato de la alianza PRI-PRD recibi\u00f3 el respaldo de P\u00e1nfilo Peralta Jim\u00e9nez, presidente de la <em>Asociaci\u00f3n Civil Fuerza de Colonias y Comunidades independientes de Chilpancingo,<\/em> as\u00ed como de Silvestre <img loading=\"lazy\" decoding=\"async\" class=\"alignleft size-medium wp-image-1226223\" src=\"https:\/\/www.acapulco.press\/wp-content\/uploads\/2021\/05\/MMACHILPO26-375x211.jpeg\" alt=\"\" width=\"375\" height=\"211\" \/>Rodr\u00edguez Fern\u00e1ndez, presidente de <em>Grupos Vulnerables y Personas con Discapacidad<\/em>.<\/p>\n<p style=\"text-align: justify;\">\u00abEst\u00e1bamos trabajando por el lado de Morena, pero salimos muy decepcionados, sabemos que Morena no est\u00e1 cumpliendo muchas expectativas entre ellos son las imposiciones, entre ellos est\u00e1 la compra de candidaturas\u00bb dijo Peralta Jim\u00e9nez, a nombre de las organizaciones civiles que dar\u00e1n voto de confianza para que sea el pr\u00f3ximo gobernador de Guerrero, por ser hombre de palabra,<\/p>\n<p style=\"text-align: justify;\"><img loading=\"lazy\" decoding=\"async\" class=\"alignleft size-medium wp-image-1226217\" src=\"https:\/\/www.acapulco.press\/wp-content\/uploads\/2021\/05\/MMACHILPO20-375x250.jpeg\" alt=\"\" width=\"375\" height=\"250\" \/>\u00abLo que Morena les quit\u00f3, Moreno se los va a regresar\u00bb recalc\u00f3 a los ciudadanos que se unieron a su campa\u00f1a y dijo que como gobernador va a recibir en audiencia a todos los dirigentes, a todos los l\u00edderes de movimientos y organizaciones con el fin de resolver las peticiones.<\/p>\n<p style=\"text-align: justify;\">Tambi\u00e9n dijo que volver\u00e1n los apoyos sociales para las clases m\u00e1s vulnerables, cr\u00e9ditos a la palabra para aquellas mujeres emprendedoras, entre otros apoyos sociales.<\/p>\n<p style=\"text-align: justify;\">\u00abMario ha tenido sencillez en cada cargo que ha tenido en la funci\u00f3n p\u00fablica, como funcionario como es la presidencia municipal, la secretaria de desarrollo social, desde que estaba como nuestro diputado, hemos conocido su trayectoria y por eso lo vamos a apoyar\u00bb enfatiz\u00f3 Silvestre Rodr\u00edguez.<\/p>\n<p><strong>CHILPANCINGO SER\u00c1 LA CAPITAL M\u00c1S DIGNA DEL PA\u00cdS<\/strong><\/p>\n<p style=\"text-align: justify;\">El candidato a gobernador de la alianza PRI-PRD, Mario Moreno Arcos, se comprometi\u00f3 a que Chilpancingo sea el orgullo de Guerrero y una capital que sea catalogada como una de las m\u00e1s hermosas y dignas del pa\u00eds.<\/p>\n<p style=\"text-align: justify;\"><img loading=\"lazy\" decoding=\"async\" class=\"alignleft size-medium wp-image-1226219\" src=\"https:\/\/www.acapulco.press\/wp-content\/uploads\/2021\/05\/MMACHILPO22-375x250.jpeg\" alt=\"\" width=\"375\" height=\"250\" \/>Acompa\u00f1ado de Alberto Catal\u00e1n, dirigente estatal del PRD, Moreno Arcos camin\u00f3 por los tradicionales barrios de Tequicorral y San Mateo, donde fue arropado por la gente que, al pasar por su casa, sal\u00edan a recibirlo con cadenas de cempaz\u00fachitl y confeti.<\/p>\n<p style=\"text-align: justify;\">En la cancha de Tequicorral Moreno Arcos invit\u00f3 a apoyar a los candidatos a diputados: C\u00e9sar Armenta, por el distrito 02 local y Beatriz V\u00e9lez N\u00fa\u00f1ez, por el distrito 07 federal y tambi\u00e9n a Alejandro Arcos Catal\u00e1n, \u201chombres y mujeres que habr\u00e1n de cambiarle el rostro a Chilpancingo y a mejorar la calidad de sus servicios p\u00fablicos\u201d, ataj\u00f3.<\/p>\n<p style=\"text-align: justify;\">Record\u00f3 su paso como alcalde de Chilpancingo, donde ayud\u00f3 a mucha gente con obras como El Puente de la colonia <img loading=\"lazy\" decoding=\"async\" class=\"alignleft size-medium wp-image-1226214\" src=\"https:\/\/www.acapulco.press\/wp-content\/uploads\/2021\/05\/MMACHILPO17-375x375.jpeg\" alt=\"\" width=\"375\" height=\"375\" \/>del PRI, popularmente conocido como \u201cDel Capricho\u201d por lo que se\u00f1al\u00f3 que quiere \u201cseguir haciendo muchos caprichos\u201d, que beneficien a los miles de chilpancingue\u00f1os.<\/p>\n<p style=\"text-align: justify;\">En San Mateo, despu\u00e9s de caminar y recorrer las calles se dijo motivado por las muestras de cari\u00f1o y afecto de la gente, \u201ceso se queda en el coraz\u00f3n y ser\u00e1 mi fortaleza para llevar sus propuestas por todo el estado\u201d.<\/p>\n<p style=\"text-align: justify;\">Les pidi\u00f3 reflexionar su voto el pr\u00f3ximo 6 de junio al se\u00f1alar: \u201cporque hoy no est\u00e1 en juego una candidatura, est\u00e1 en juego el futuro de Guerrero. Tenemos que ver por el futuro de las y los guerrerenses, por sus hijos, por sus nietos\u00bb se\u00f1al\u00f3.<\/p>\n<p style=\"text-align: justify;\">\u00abDesde el coraz\u00f3n de San Mateo quiero hacer un gran llamado al pueblo de Guerrero que no se equivoquen. Guerrero merece experiencia, un gobierno que le d\u00e9 rumbo, que le d\u00e9 educaci\u00f3n que le d\u00e9 salud y eso es lo que le ofrece esta gran alianza, la alianza ganadora del PRI y del PRD\u00bb finaliz\u00f3.<br \/>\n\u201cBasta de mentiras y simulaciones, hagamos unidos un proyecto inclusivo, plural y con visi\u00f3n de futuro porque as\u00ed, si gana Guerrero\u201d.<\/p>\n<p style=\"text-align: justify;\">Aprovecho finalmente para felicitar a los trabajadores de la industria de la construcci\u00f3n que este d\u00eda, 3 de mayo, celebran a la Santa Cruz. \u201cMi respeto a quienes forman parte de una de las actividades que genera un gran n\u00famero de empleos en Guerrero\u201d.<\/p>\n\n","protected":false},"excerpt":{"rendered":"<p>] CHILPANCINGO. &#8216; 3 de mayo de 2021. ) Especial. Este lunes el candidato de la alianza PRI-PRD recibi\u00f3 el respaldo de P\u00e1nfilo Peralta Jim\u00e9nez, presidente de la Asociaci\u00f3n Civil Fuerza de Colonias y Comunidades independientes de Chilpancingo, as\u00ed como de Silvestre Rodr\u00edguez Fern\u00e1ndez, presidente de Grupos Vulnerables y Personas con Discapacidad. \u00abEst\u00e1bamos trabajando por&#8230;<\/p>\n","protected":false},"author":2,"featured_media":1226213,"comment_status":"closed","ping_status":"closed","sticky":false,"template":"","format":"standard","meta":{"footnotes":""},"categories":[2053,1972],"tags":[2914,5941,12685],"class_list":["post-1226198","post","type-post","status-publish","format-standard","has-post-thumbnail","hentry","category-elecciones-special","category-special","tag-vaxguerrero","tag-coalicion-pri-prd-eleccion-guerrero-2021","tag-mario-moreno-arcos"],"_links":{"self":[{"href":"https:\/\/www.acapulcopress.com\/index.php\/wp-json\/wp\/v2\/posts\/1226198","targetHints":{"allow":["GET"]}}],"collection":[{"href":"https:\/\/www.acapulcopress.com\/index.php\/wp-json\/wp\/v2\/posts"}],"about":[{"href":"https:\/\/www.acapulcopress.com\/index.php\/wp-json\/wp\/v2\/types\/post"}],"author":[{"embeddable":true,"href":"https:\/\/www.acapulcopress.com\/index.php\/wp-json\/wp\/v2\/users\/2"}],"replies":[{"embeddable":true,"href":"https:\/\/www.acapulcopress.com\/index.php\/wp-json\/wp\/v2\/comments?post=1226198"}],"version-history":[{"count":0,"href":"https:\/\/www.acapulcopress.com\/index.php\/wp-json\/wp\/v2\/posts\/1226198\/revisions"}],"wp:featuredmedia":[{"embeddable":true,"href":"https:\/\/www.acapulcopress.com\/index.php\/wp-json\/"}],"wp:attachment":[{"href":"https:\/\/www.acapulcopress.com\/index.php\/wp-json\/wp\/v2\/media?parent=1226198"}],"wp:term":[{"taxonomy":"category","embeddable":true,"href":"https:\/\/www.acapulcopress.com\/index.php\/wp-json\/wp\/v2\/categories?post=1226198"},{"taxonomy":"post_tag","embeddable":true,"href":"https:\/\/www.acapulcopress.com\/index.php\/wp-json\/wp\/v2\/tags?post=1226198"}],"curies":[{"name":"wp","href":"https:\/\/api.w.org\/{rel}","templated":true}]}}