{"id":1226248,"date":"2021-05-03T22:53:09","date_gmt":"2021-05-04T03:53:09","guid":{"rendered":"https:\/\/www.acapulco.press\/?p=1226248"},"modified":"2021-05-03T22:53:09","modified_gmt":"2021-05-04T03:53:09","slug":"acusa-marcial-rodriguez-al-ine-de-retrasar-inicio-de-campana-de-evelyn-salgado","status":"publish","type":"post","link":"https:\/\/www.acapulcopress.com\/index.php\/2021\/05\/03\/acusa-marcial-rodriguez-al-ine-de-retrasar-inicio-de-campana-de-evelyn-salgado\/","title":{"rendered":"Acusa Marcial Rodr\u00edguez al INE de retrasar inicio de campa\u00f1a de Evelyn Salgado"},"content":{"rendered":"<p>] ACAPULCO. &#8216; 3 de mayo de 2021.<br \/>\n) Comunicado.<\/p>\n<p style=\"text-align: justify;\">El dirigente de Morena en Guerrero, Marcial Rodr\u00edguez Salda\u00f1a, acuso a la unidad de fiscalizaci\u00f3n del Instituto Nacional Electoral (INE) de retrasar el inicio de campa\u00f1a de la candidata a gobernadora de Guerrero\u00a0 de su partido, Evelyn Cecia Salgado Pineda.<\/p>\n<p style=\"text-align: justify;\">El l\u00edder morenista dijo que desde el domingo pasado el Instituto Electoral y Participaci\u00f3n Ciudadana de Guerrero (IEPCGro) aprob\u00f3 el registro de Evelyn Salgado a la Gubernatura de Guerrero, pero a\u00fan\u00a0 no ha recibido la clave para rendir gastos de campa\u00f1a, por lo que indebidamente est\u00e1n retrasando el comienzo de sus actividades proselitistas.<\/p>\n","protected":false},"excerpt":{"rendered":"<p>] ACAPULCO. &#8216; 3 de mayo de 2021. ) Comunicado. El dirigente de Morena en Guerrero, Marcial Rodr\u00edguez Salda\u00f1a, acuso a la unidad de fiscalizaci\u00f3n del Instituto Nacional Electoral (INE) de retrasar el inicio de campa\u00f1a de la candidata a gobernadora de Guerrero\u00a0 de su partido, Evelyn Cecia Salgado Pineda. El l\u00edder morenista dijo que&#8230;<\/p>\n","protected":false},"author":2,"featured_media":1226249,"comment_status":"closed","ping_status":"closed","sticky":false,"template":"","format":"standard","meta":{"footnotes":""},"categories":[1969,1989],"tags":[8241,12457,13305],"class_list":["post-1226248","post","type-post","status-publish","format-standard","has-post-thumbnail","hentry","category-trending","category-noticias-generales","tag-evelyn-cecia-salgado-pineda","tag-marcial-rodriguez-saldana","tag-morena-guerrero"],"_links":{"self":[{"href":"https:\/\/www.acapulcopress.com\/index.php\/wp-json\/wp\/v2\/posts\/1226248","targetHints":{"allow":["GET"]}}],"collection":[{"href":"https:\/\/www.acapulcopress.com\/index.php\/wp-json\/wp\/v2\/posts"}],"about":[{"href":"https:\/\/www.acapulcopress.com\/index.php\/wp-json\/wp\/v2\/types\/post"}],"author":[{"embeddable":true,"href":"https:\/\/www.acapulcopress.com\/index.php\/wp-json\/wp\/v2\/users\/2"}],"replies":[{"embeddable":true,"href":"https:\/\/www.acapulcopress.com\/index.php\/wp-json\/wp\/v2\/comments?post=1226248"}],"version-history":[{"count":0,"href":"https:\/\/www.acapulcopress.com\/index.php\/wp-json\/wp\/v2\/posts\/1226248\/revisions"}],"wp:featuredmedia":[{"embeddable":true,"href":"https:\/\/www.acapulcopress.com\/index.php\/wp-json\/"}],"wp:attachment":[{"href":"https:\/\/www.acapulcopress.com\/index.php\/wp-json\/wp\/v2\/media?parent=1226248"}],"wp:term":[{"taxonomy":"category","embeddable":true,"href":"https:\/\/www.acapulcopress.com\/index.php\/wp-json\/wp\/v2\/categories?post=1226248"},{"taxonomy":"post_tag","embeddable":true,"href":"https:\/\/www.acapulcopress.com\/index.php\/wp-json\/wp\/v2\/tags?post=1226248"}],"curies":[{"name":"wp","href":"https:\/\/api.w.org\/{rel}","templated":true}]}}