{"id":1226255,"date":"2021-05-03T23:12:32","date_gmt":"2021-05-04T04:12:32","guid":{"rendered":"https:\/\/www.acapulco.press\/?p=1226255"},"modified":"2021-05-03T23:12:32","modified_gmt":"2021-05-04T04:12:32","slug":"se-descarrilla-vagon-en-linea-12-del-metro-de-ciudad-de-mexico","status":"publish","type":"post","link":"https:\/\/www.acapulcopress.com\/index.php\/2021\/05\/03\/se-descarrilla-vagon-en-linea-12-del-metro-de-ciudad-de-mexico\/","title":{"rendered":"Se descarrilla vag\u00f3n en L\u00ednea 12 del Metro de Ciudad de M\u00e9xico"},"content":{"rendered":"<p style=\"text-align: justify;\">] CIUDAD DE M\u00c9XICO. &#8216; 3 de mayo de 2021.<br \/>\n<em>) <a href=\"https:\/\/politica.expansion.mx\/cdmx\/2021\/05\/03\/accidente-en-la-linea-12-del-metro-cae-puente-con-vagones\" target=\"_blank\" rel=\"noopener\">Expansi\u00f3n<\/a> \/ <a href=\"https:\/\/www.elfinanciero.com.mx\/cdmx\/2021\/05\/03\/colapsa-estructura-y-se-desploma-metro-en-la-estacion-olivos-de-la-linea-12\/\" target=\"_blank\" rel=\"noopener\">El Financiero<\/a>.<\/em><\/p>\n<p style=\"text-align: justify;\">La noche de este lunes un tren con pasajeros sali\u00f3 de la v\u00eda y se descarril\u00f3\u00a0 luego de haberse desplomado un puente <img loading=\"lazy\" decoding=\"async\" class=\"alignleft size-medium wp-image-1226256\" src=\"https:\/\/www.acapulco.press\/wp-content\/uploads\/2021\/05\/METRO-ACCEIDENTE-375x281.jpg\" alt=\"\" width=\"375\" height=\"281\" \/>de la L\u00ednea 12 del Metro de la Ciudad de M\u00e9xico en la interestaci\u00f3n Olivos y Tezonco, en la alcald\u00eda Tl\u00e1huac.<\/p>\n<p style=\"text-align: justify;\">Rescatistas, polic\u00edas capitalinos y personas que se encontraban por la zona acudieron para intentar sacar a las personas que a\u00fan quedaban atrapadas en el convoy. Hasta el momento, el Gobierno de la Ciudad de M\u00e9xico no ha dado detalles sobre lo ocurrido.<\/p>\n<p style=\"text-align: justify;\">La noche de este lunes se desplom\u00f3 un puente de la L\u00ednea 12 del Metro de la Ciudad de M\u00e9xico en la interestaci\u00f3n Olivos con todo y el convoy.<\/p>\n<p style=\"text-align: justify;\">Usuarios de redes sociales reportan heridos, en tanto que ambulancias y bomberos se dirigen a la zona del accidente.<\/p>\n<p style=\"text-align: justify;\">Alfonso Su\u00e1rez del Real, secretario de Gobierno de la Ciudad de M\u00e9xico, dijo en entrevista con el periodista Javier Alatorre que son 32 las ambulancias que se dirigen a la zona: 22 del Escuadr\u00f3n de Rescate y Urgencias M\u00e9dicas (ERUM) y 10 de la Cruz Roja.<\/p>\n<p style=\"text-align: justify;\">Precis\u00f3 que los hospitales generales de Tl\u00e1huac e Iztapalapa est\u00e1n abiertos para atender a las personas heridas.<\/p>\n<p style=\"text-align: justify;\">A\u00f1adi\u00f3 que a excepci\u00f3n de la L\u00ednea 12 del Sistema de Transporte Colectivo Metro, este se encuentra en funcionamiento.<\/p>\n<p style=\"text-align: justify;\"><code><\/code><\/p>\n<blockquote class=\"twitter-tweet\">\n<p dir=\"ltr\" lang=\"es\">\ud83d\udd34 <a href=\"https:\/\/twitter.com\/hashtag\/Atenci%C3%B3n?src=hash&amp;ref_src=twsrc%5Etfw\">#Atenci\u00f3n<\/a> \ud83d\udd34 Colapsa puente de la L\u00ednea 12 del Metro<\/p>\n<p>Informaci\u00f3n en desarrollo&#8230; <a href=\"https:\/\/t.co\/BSP3Lj8gwb\">pic.twitter.com\/BSP3Lj8gwb<\/a><\/p>\n<p>\u2014 Expansi\u00f3n Pol\u00edtica (@ExpPolitica) <a href=\"https:\/\/twitter.com\/ExpPolitica\/status\/1389424943545257990?ref_src=twsrc%5Etfw\">May 4, 2021<\/a><\/p><\/blockquote>\n<p style=\"text-align: justify;\"><script async src=\"https:\/\/platform.twitter.com\/widgets.js\" charset=\"utf-8\"><\/script><\/p>\n","protected":false},"excerpt":{"rendered":"<p>] CIUDAD DE M\u00c9XICO. &#8216; 3 de mayo de 2021. ) Expansi\u00f3n \/ El Financiero. La noche de este lunes un tren con pasajeros sali\u00f3 de la v\u00eda y se descarril\u00f3\u00a0 luego de haberse desplomado un puente de la L\u00ednea 12 del Metro de la Ciudad de M\u00e9xico en la interestaci\u00f3n Olivos y Tezonco, en&#8230;<\/p>\n","protected":false},"author":2,"featured_media":1226257,"comment_status":"closed","ping_status":"closed","sticky":false,"template":"","format":"standard","meta":{"footnotes":""},"categories":[1969,1972,18576],"tags":[3202,11990],"class_list":["post-1226255","post","type-post","status-publish","format-standard","has-post-thumbnail","hentry","category-trending","category-special","category-trends","tag-accidente-metro-cdmx","tag-linea-12-metro-olivos"],"_links":{"self":[{"href":"https:\/\/www.acapulcopress.com\/index.php\/wp-json\/wp\/v2\/posts\/1226255","targetHints":{"allow":["GET"]}}],"collection":[{"href":"https:\/\/www.acapulcopress.com\/index.php\/wp-json\/wp\/v2\/posts"}],"about":[{"href":"https:\/\/www.acapulcopress.com\/index.php\/wp-json\/wp\/v2\/types\/post"}],"author":[{"embeddable":true,"href":"https:\/\/www.acapulcopress.com\/index.php\/wp-json\/wp\/v2\/users\/2"}],"replies":[{"embeddable":true,"href":"https:\/\/www.acapulcopress.com\/index.php\/wp-json\/wp\/v2\/comments?post=1226255"}],"version-history":[{"count":0,"href":"https:\/\/www.acapulcopress.com\/index.php\/wp-json\/wp\/v2\/posts\/1226255\/revisions"}],"wp:featuredmedia":[{"embeddable":true,"href":"https:\/\/www.acapulcopress.com\/index.php\/wp-json\/"}],"wp:attachment":[{"href":"https:\/\/www.acapulcopress.com\/index.php\/wp-json\/wp\/v2\/media?parent=1226255"}],"wp:term":[{"taxonomy":"category","embeddable":true,"href":"https:\/\/www.acapulcopress.com\/index.php\/wp-json\/wp\/v2\/categories?post=1226255"},{"taxonomy":"post_tag","embeddable":true,"href":"https:\/\/www.acapulcopress.com\/index.php\/wp-json\/wp\/v2\/tags?post=1226255"}],"curies":[{"name":"wp","href":"https:\/\/api.w.org\/{rel}","templated":true}]}}