{"id":1226287,"date":"2021-05-04T00:36:13","date_gmt":"2021-05-04T05:36:13","guid":{"rendered":"https:\/\/www.acapulco.press\/?p=1226287"},"modified":"2021-05-04T00:36:13","modified_gmt":"2021-05-04T05:36:13","slug":"el-asma-no-incrementa-el-riesgo-por-covid19-ni-es-incompatible-con-la-vacuna","status":"publish","type":"post","link":"https:\/\/www.acapulcopress.com\/index.php\/2021\/05\/04\/el-asma-no-incrementa-el-riesgo-por-covid19-ni-es-incompatible-con-la-vacuna\/","title":{"rendered":"El asma no incrementa el riesgo por Covid19 ni es incompatible con la vacuna"},"content":{"rendered":"<p style=\"text-align: justify;\">] MAR DE PLATA. &#8216; 3 de mayo de 2021.<br \/>\n<em>) <a href=\"https:\/\/www.telam.com.ar\/notas\/202105\/552885-el-asma-no-incrementa-el-riesgo-por-covid-19-ni-es-incompatible-con-la-vacuna.html\" target=\"_blank\" rel=\"noopener\">Telam<\/a>.<\/em><\/p>\n<p style=\"text-align: justify;\">Aunque es una enfermedad muy com\u00fan, persisten muchas falsas creencias sobre el asma a las que ahora se suman las vinculadas a la pandemia de la Covid-19, como la que indica err\u00f3neamente que esta enfermedad incrementa el riesgo de contraer coronavirus o es incompatible con la vacunaci\u00f3n, seg\u00fan explicaron especialistas en la v\u00edspera del D\u00eda Mundial.<\/p>\n<p style=\"text-align: justify;\">\u00abA partir de la evidencia cient\u00edfica internacional con que se cuenta hasta el momento, tener asma, si est\u00e1 bien controlada, no incrementa el riesgo de infecci\u00f3n por Covid-19, ni tampoco de desarrollar cuadros m\u00e1s severos en caso de contraerlo\u00bb, dijo el jefe del Servicio de Neumonolog\u00eda del Hospital Rossi de La Plata, Gabriel Garc\u00eda.<\/p>\n<p style=\"text-align: justify;\">El especialista explic\u00f3 que el monitoreo de esta enfermedad da cuenta, adem\u00e1s, \u00abque no ha habido en 2020 m\u00e1s exacerbaciones que en a\u00f1os anteriores\u00bb.<\/p>\n<p style=\"text-align: justify;\">Seg\u00fan la Iniciativa Global contra el Asma (GINA, por su sigla en ingl\u00e9s), el \u00fanico caso en que el riesgo de muerte por Covid aumenta por asma en el de pacientes \u00abque recientemente hab\u00edan necesitado OCS (corticoides orales sist\u00e9micos) para su asma y en pacientes hospitalizados con asma grave\u00bb.<\/p>\n<p style=\"text-align: justify;\">En cuanto a la seguridad de las vacunas Covid-19 en personas al\u00e9rgicas, GINA record\u00f3 que \u00ablas reacciones al\u00e9rgicas a las vacunas son raras\u00bb, no obstante lo cual \u00ablas vacunas de Pfizer\/BioNTek y Moderna deben administrarse en un entorno de atenci\u00f3n m\u00e9dica donde se puede tratar la anafilaxia si ocurre\u00bb y \u00abno deben administrarse a pacientes con antecedentes de reacci\u00f3n al\u00e9rgica grave a polietilenglicol o cualquier otro ingrediente de la vacuna\u00bb.<\/p>\n<p style=\"text-align: justify;\">En su \u00abGu\u00eda sobre Covid y Asma\u00bb publicada a fines de abril, la organizaci\u00f3n sostuvo que \u00aben la actualidad, bas\u00e1ndose en los riesgos y beneficios, y tomando las precauciones habituales (preguntar al paciente si tiene antecedentes de alergia a alg\u00fan componente de la vacuna y de posponer la inoculaci\u00f3n en caso de fiebre u otra infecci\u00f3n), GINA recomienda vacuna Covid-19 para personas con asma\u00bb, sostiene la organizaci\u00f3n<\/p>\n<p style=\"text-align: justify;\">M\u00e1s de 350 millones de personas en el mundo tienen asma pero como a pesar de ser una enfermedad frecuente persisten creencias erradas sobre su origen y posibilidades de control, la Iniciativa aprovech\u00f3 esta efem\u00e9ride para poner sobre la mesa determinadas percepciones erradas alrededor de esta enfermedad que pueden atentar contra su adecuado control.<\/p>\n<p style=\"text-align: justify;\">Cuatro son los principales postulados equivocados alrededor del asma: que sea una enfermedad \u00abde la infancia\u00bb, que sea \u00abinfecciosa\u00bb, que solo se puede controlar con altas dosis de corticoides y que los pacientes tengan contraindicada la actividad f\u00edsica.<\/p>\n<p style=\"text-align: justify;\">\u00abNo hay nada m\u00e1s alejando de la realidad: el asma puede ser una enfermedad de toda la vida y aparecer en la infancia, en la adolescencia, en la vida adulta o en la tercera edad\u00bb, explic\u00f3 el experto, quien tambi\u00e9n es Director del Departamento de Asma de la Asociaci\u00f3n Latinoamericana de T\u00f3rax (ALAT) y miembro del Comit\u00e9 Ejecutivo de GEMA (Gu\u00eda Espa\u00f1ola para el Manejo del Asma).<\/p>\n<p style=\"text-align: justify;\">\u00abTampoco es de origen infeccioso, aunque las infecciones respiratorias pueden desencadenar o agravar exacerbaciones\u00bb, agreg\u00f3.<\/p>\n<p style=\"text-align: justify;\">Hoy se sabe que un n\u00famero importante de casos de asma y, particularmente, de los cuadros m\u00e1s severos, son originados por un proceso inflamatorio conocido como &#8216;inflamaci\u00f3n de tipo 2&#8217;, relacionado con una respuesta exagerada del sistema inmunol\u00f3gico, que hace que se sobreexpresen determinadas prote\u00ednas en el organismo.<\/p>\n<p style=\"text-align: justify;\">\u00abM\u00e1s all\u00e1 de que pueda ser algo t\u00e9cnico, es cr\u00edtico descifrar el origen del asma en cada paciente, qu\u00e9 es lo que desencaden\u00f3 en su caso la enfermedad, porque ello permite individualizar el abordaje y tomar mejores decisiones terap\u00e9uticas, con la perspectiva de obtener mejores resultados\u00bb, explic\u00f3 Garc\u00eda.<\/p>\n<p style=\"text-align: justify;\">Otro de los postulados de GINA sugiere combatir la creencia de que el asma solo se puede controlar con dosis altas de corticoides, ya en realidad hoy existen alternativas terap\u00e9uticas que permiten disminuir el uso de corticoides <img loading=\"lazy\" decoding=\"async\" class=\"alignleft size-medium wp-image-1226289\" src=\"https:\/\/www.acapulco.press\/wp-content\/uploads\/2021\/05\/VACUNA-COVI19-375x211.jpg\" alt=\"\" width=\"375\" height=\"211\" \/>manteniendo el control del asma a partir de un mejor conocimiento del tipo de asma de cada paciente que permite un tratamiento personalizado.<\/p>\n<p style=\"text-align: justify;\">\u00abLo m\u00e1s adecuado es conversar con el paciente en el consultorio, conocer e interpretar su historia con la enfermedad, qu\u00e9 medicaciones le fueron efectivas y cu\u00e1les no. Tambi\u00e9n hay que determinar el impacto del asma en su d\u00eda a d\u00eda, sin minimizar los s\u00edntomas, que con frecuencia son m\u00e1s invalidantes de lo que ellos perciben, en buena medida por haberse acostumbrado a una vida limitada por su condici\u00f3n\u00bb, agreg\u00f3.<\/p>\n<p style=\"text-align: justify;\">En l\u00ednea con GINA, el especialista asegur\u00f3 que, con un buen control del asma, cualquier persona puede realizar actividad f\u00edsica, inclusive de alta competencia y a nivel profesional.\u00bbHacer ejercicio no est\u00e1 contraindicado, sino que puede inclusive formar parte del tratamiento\u00bb, sostuvo.<\/p>\n<p style=\"text-align: justify;\">Para lograrlo, se recomienda tener un especialista de cabecera que trate la enfermedad y forjar con \u00e9l una buena relaci\u00f3n m\u00e9dico-paciente.<\/p>\n<p style=\"text-align: justify;\">Varias investigaciones mostraron que ayuda llevar un diario que registre los episodios de exacerbaciones y su severidad para que la persona vaya conociendo cu\u00e1ndo la enfermedad se manifiesta, qu\u00e9 puedo haber gatillado un episodio, entre otras cosas, y luego comparta los hallazgos con su m\u00e9dico.<\/p>\n<p style=\"text-align: justify;\">\u00abPara el \u00e9xito terap\u00e9utico es vital que el individuo cumpla con las indicaciones que consensuaron con su m\u00e9dico en el consultorio, tanto en t\u00e9rminos del uso de la medicaci\u00f3n, como de estilo de vida\u00bb, concluy\u00f3.<\/p>\n<p><iframe loading=\"lazy\" title=\"\u00bfQu\u00e9 es el asma?\" width=\"1160\" height=\"653\" src=\"https:\/\/www.youtube.com\/embed\/vNp115RbAA8?feature=oembed\" frameborder=\"0\" allow=\"accelerometer; autoplay; clipboard-write; encrypted-media; gyroscope; picture-in-picture; web-share\" referrerpolicy=\"strict-origin-when-cross-origin\" allowfullscreen><\/iframe><\/p>\n","protected":false},"excerpt":{"rendered":"<p>] MAR DE PLATA. &#8216; 3 de mayo de 2021. ) Telam. Aunque es una enfermedad muy com\u00fan, persisten muchas falsas creencias sobre el asma a las que ahora se suman las vinculadas a la pandemia de la Covid-19, como la que indica err\u00f3neamente que esta enfermedad incrementa el riesgo de contraer coronavirus o es&#8230;<\/p>\n","protected":false},"author":2,"featured_media":1226288,"comment_status":"closed","ping_status":"closed","sticky":false,"template":"","format":"standard","meta":{"footnotes":""},"categories":[18568,1988],"tags":[4256,6705],"class_list":["post-1226287","post","type-post","status-publish","format-standard","has-post-thumbnail","hentry","category-ciencia-y-tecnologia","category-lifestyles","tag-asma","tag-covid19"],"_links":{"self":[{"href":"https:\/\/www.acapulcopress.com\/index.php\/wp-json\/wp\/v2\/posts\/1226287","targetHints":{"allow":["GET"]}}],"collection":[{"href":"https:\/\/www.acapulcopress.com\/index.php\/wp-json\/wp\/v2\/posts"}],"about":[{"href":"https:\/\/www.acapulcopress.com\/index.php\/wp-json\/wp\/v2\/types\/post"}],"author":[{"embeddable":true,"href":"https:\/\/www.acapulcopress.com\/index.php\/wp-json\/wp\/v2\/users\/2"}],"replies":[{"embeddable":true,"href":"https:\/\/www.acapulcopress.com\/index.php\/wp-json\/wp\/v2\/comments?post=1226287"}],"version-history":[{"count":0,"href":"https:\/\/www.acapulcopress.com\/index.php\/wp-json\/wp\/v2\/posts\/1226287\/revisions"}],"wp:featuredmedia":[{"embeddable":true,"href":"https:\/\/www.acapulcopress.com\/index.php\/wp-json\/"}],"wp:attachment":[{"href":"https:\/\/www.acapulcopress.com\/index.php\/wp-json\/wp\/v2\/media?parent=1226287"}],"wp:term":[{"taxonomy":"category","embeddable":true,"href":"https:\/\/www.acapulcopress.com\/index.php\/wp-json\/wp\/v2\/categories?post=1226287"},{"taxonomy":"post_tag","embeddable":true,"href":"https:\/\/www.acapulcopress.com\/index.php\/wp-json\/wp\/v2\/tags?post=1226287"}],"curies":[{"name":"wp","href":"https:\/\/api.w.org\/{rel}","templated":true}]}}