{"id":1226295,"date":"2021-05-04T17:59:44","date_gmt":"2021-05-04T22:59:44","guid":{"rendered":"https:\/\/www.acapulco.press\/?p=1226295"},"modified":"2021-05-04T17:59:44","modified_gmt":"2021-05-04T22:59:44","slug":"mario-moreno-firma-compromiso-para-erradicar-todo-tipo-de-violencia-contra-las-mujeres","status":"publish","type":"post","link":"https:\/\/www.acapulcopress.com\/index.php\/2021\/05\/04\/mario-moreno-firma-compromiso-para-erradicar-todo-tipo-de-violencia-contra-las-mujeres\/","title":{"rendered":"Mario Moreno firma compromiso para erradicar todo tipo de violencia contra las mujeres"},"content":{"rendered":"<p style=\"text-align: justify;\">] ACAPULCO. &#8216; 4 de mayo de 2021.<br \/>\n<em>) Especial.<\/em><\/p>\n<p style=\"text-align: justify;\">Como una muestra del respeto e inter\u00e9s para con las mujeres de Guerrero, el candidato de la alianza PRI\/PRD, Mario Moreno Arcos, acudi\u00f3 como invitado al encuentro con las l\u00edderes del Movimiento Social Contra la Violencia <img loading=\"lazy\" decoding=\"async\" class=\"alignleft size-medium wp-image-1226317\" src=\"https:\/\/www.acapulco.press\/wp-content\/uploads\/2021\/05\/MARIO-MOSOCOVIS22-375x250.jpeg\" alt=\"\" width=\"375\" height=\"250\" \/>Sexual, A.C. (Mosocovis), donde reiter\u00f3 que \u00abhabr\u00e1n de encontrar el apoyo, respaldo, la solidaridad pero sobre todo el enorme compromiso de dar resultados en materia de protecci\u00f3n a las mujeres\u201d en el gobierno que encabezar\u00e1, les dijo.<\/p>\n<p style=\"text-align: justify;\">Se\u00f1al\u00f3 que \u00abquienes pretendan gobernar un estado como Guerrero deben conocer verdaderamente los problemas y dar soluciones reales, pues no podemos permitir que prevalezca la improvisaci\u00f3n y el desorden. No podemos permitir que sigan lastimando a las mujeres, que las sigan ofendiendo y por eso van a encontrar en Mario Moreno ese aliado que <img loading=\"lazy\" decoding=\"async\" class=\"alignleft size-medium wp-image-1226316\" src=\"https:\/\/www.acapulco.press\/wp-content\/uploads\/2021\/05\/MARIO-MOSOCOVIS18-375x250.jpeg\" alt=\"\" width=\"375\" height=\"250\" \/>necesitan\u00bb.<\/p>\n<p style=\"text-align: justify;\">Les refrend\u00f3 que el 50% de espacios dentro de la administraci\u00f3n p\u00fablica, ya que como aliadas son las mejores. Promover\u00e1 el impulso, el apoyo a los centros de justicia, una fiscal\u00eda especializada en delitos contra la mujeres, adem\u00e1s de crear ciudades seguras, donde se puedan desenvolver tranquilamente.<\/p>\n<p style=\"text-align: justify;\">A\u00f1adi\u00f3 que promover\u00e1 ante el Congreso local la aprobaci\u00f3n de las leyes que ayuden a erradicar todo tipo de violencia contra ellas, incluyendo el tema penal por feminicidios.<\/p>\n<p style=\"text-align: justify;\"><img loading=\"lazy\" decoding=\"async\" class=\"alignleft size-medium wp-image-1226315\" src=\"https:\/\/www.acapulco.press\/wp-content\/uploads\/2021\/05\/MARIO-MOSOCOVIS17-375x250.jpeg\" alt=\"\" width=\"375\" height=\"250\" \/>Por su parte, las mujeres co-fundadoras de Mosocovis le refrendaron la confianza y apoyo que dar\u00e1n al proyecto Va por Guerrero: \u00abQueremos estar unidas a su lado, para ayudarlo en su gobierno, para poder avanzar porque un gobernante no puede solo con este problema de la violencia\u00bb le dijo Mar\u00eda In\u00e9s Huerta Pegueros, presidenta de esta organizaci\u00f3n que trabaja en favor de las mujeres.<\/p>\n<p style=\"text-align: justify;\">Pilar Campos Tapia, co-fundadora y vocal del movimiento dijo que \u00abMario abre la oportunidad de recuperar las conquistas, porque creemos que puede retomar muchos de los programas y las luchas que se han logrado en el marco de la lucha de las mujeres y los varones\u00bb.<\/p>\n<p style=\"text-align: justify;\">Al t\u00e9rmino del encuentro con las mujeres, Moreno Arcos firm\u00f3 un acuerdo por la paz y democracia paritaria en el estado de Guerrero, que incluye doce compromisos encaminados a garantizar una vida libre de violencia a las mujeres: \u201cHoy queda aqu\u00ed mi compromiso de trabajar hombro con hombro, brazo con brazo, para que mejoremos las condiciones de vida de las mujeres en Guerrero\u00bb finaliz\u00f3.<\/p>\n\n","protected":false},"excerpt":{"rendered":"<p>] ACAPULCO. &#8216; 4 de mayo de 2021. ) Especial. Como una muestra del respeto e inter\u00e9s para con las mujeres de Guerrero, el candidato de la alianza PRI\/PRD, Mario Moreno Arcos, acudi\u00f3 como invitado al encuentro con las l\u00edderes del Movimiento Social Contra la Violencia Sexual, A.C. (Mosocovis), donde reiter\u00f3 que \u00abhabr\u00e1n de encontrar&#8230;<\/p>\n","protected":false},"author":2,"featured_media":1226312,"comment_status":"closed","ping_status":"closed","sticky":false,"template":"","format":"standard","meta":{"footnotes":""},"categories":[2053,1972],"tags":[3683,9542,12685,13355],"class_list":["post-1226295","post","type-post","status-publish","format-standard","has-post-thumbnail","hentry","category-elecciones-special","category-special","tag-alianza-pri-prd-guerrero","tag-gubernatura-de-guerrero","tag-mario-moreno-arcos","tag-movimiento-social-contra-la-violencia-sexual-mosocovis"],"_links":{"self":[{"href":"https:\/\/www.acapulcopress.com\/index.php\/wp-json\/wp\/v2\/posts\/1226295","targetHints":{"allow":["GET"]}}],"collection":[{"href":"https:\/\/www.acapulcopress.com\/index.php\/wp-json\/wp\/v2\/posts"}],"about":[{"href":"https:\/\/www.acapulcopress.com\/index.php\/wp-json\/wp\/v2\/types\/post"}],"author":[{"embeddable":true,"href":"https:\/\/www.acapulcopress.com\/index.php\/wp-json\/wp\/v2\/users\/2"}],"replies":[{"embeddable":true,"href":"https:\/\/www.acapulcopress.com\/index.php\/wp-json\/wp\/v2\/comments?post=1226295"}],"version-history":[{"count":0,"href":"https:\/\/www.acapulcopress.com\/index.php\/wp-json\/wp\/v2\/posts\/1226295\/revisions"}],"wp:featuredmedia":[{"embeddable":true,"href":"https:\/\/www.acapulcopress.com\/index.php\/wp-json\/"}],"wp:attachment":[{"href":"https:\/\/www.acapulcopress.com\/index.php\/wp-json\/wp\/v2\/media?parent=1226295"}],"wp:term":[{"taxonomy":"category","embeddable":true,"href":"https:\/\/www.acapulcopress.com\/index.php\/wp-json\/wp\/v2\/categories?post=1226295"},{"taxonomy":"post_tag","embeddable":true,"href":"https:\/\/www.acapulcopress.com\/index.php\/wp-json\/wp\/v2\/tags?post=1226295"}],"curies":[{"name":"wp","href":"https:\/\/api.w.org\/{rel}","templated":true}]}}