{"id":1226328,"date":"2021-05-04T18:55:51","date_gmt":"2021-05-04T23:55:51","guid":{"rendered":"https:\/\/www.acapulco.press\/?p=1226328"},"modified":"2021-05-04T18:55:51","modified_gmt":"2021-05-04T23:55:51","slug":"vamos-a-remontar-y-ganar-la-eleccion-asegura-mario-moreno-arcos","status":"publish","type":"post","link":"https:\/\/www.acapulcopress.com\/index.php\/2021\/05\/04\/vamos-a-remontar-y-ganar-la-eleccion-asegura-mario-moreno-arcos\/","title":{"rendered":"\u00ab\u00a1Vamos a remontar y ganar la elecci\u00f3n!\u00bb, asegura Mario Moreno Arcos"},"content":{"rendered":"<p style=\"text-align: justify;\">] ACAPULCO. &#8216; 4 de mayo de 2021.<br \/>\n<em>) Especial.<\/em><\/p>\n<p style=\"text-align: justify;\">El candidato a gobernador de la alianza PRI\/PRD, Mario Moreno Arcos, se\u00f1al\u00f3 que a nivel nacional y local las encuestas lo han ido posicionando y asegur\u00f3 en que en \u00e9stos d\u00edas que faltan de campa\u00f1a \u201cvamos a remontar y a ganar la elecci\u00f3n\u201d.<\/p>\n<p style=\"text-align: justify;\">En entrevista despu\u00e9s de una caminata de propuestas en la colonia Mozimba y en la Infonavit L\u00f3pez Portillo, zona Poniente de Acapulco, mencion\u00f3 que, la contienda electoral es con una marca y no con un candidato o candidata, \u201ceso lo tengo claro\u201d.<\/p>\n<p style=\"text-align: justify;\">\u201cEs una marca con la que estamos compitiendo, independientemente con qui\u00e9n estamos compitiendo, candidata o candidato, yo siempre lo he se\u00f1alado que hoy a poco menos de un mes de que se cierre la campa\u00f1a, casi un mes de la elecci\u00f3n, te puedo decir que vamos muy bien, las encuestas nos est\u00e1n reposicionando, en las encuestas nacionales ya estamos en un empate t\u00e9cnico y yo tengo la confianza de que en los pr\u00f3ximos d\u00edas vamos a remontar muy bien, \u00a1vamos a ganar!\u201d, expuso.<\/p>\n<p style=\"text-align: justify;\">El candidato de As\u00ed Gana Guerrero habl\u00f3 de sus compromisos hechos con Acapulco: \u201cUno de los grandes compromisos que hemos hecho ya con Ricardo Taja, candidato a alcalde de Acapulco, es la sustituci\u00f3n de 53 luminarias por luminarias de alta eficiencia. La idea es iniciar el cambio de luminarias y hacer una ciudad m\u00e1s segura\u201d.<\/p>\n<p style=\"text-align: justify;\">En cuanto al tema de la seguridad, dijo que hay que reforzarla con el incremento de m\u00e1s c\u00e1maras de vigilancia.<\/p>\n<p>Otro de los problemas que m\u00e1s le expusieron al candidato durante su estancia en estos actos, dijo es el del agua.<\/p>\n<p>\u201cHay que comenzar a solucionar el problema del agua aqu\u00ed en Acapulco, hay que atender, hay que comenzar una reconversi\u00f3n de bombeos y rebombeos, hay que meter paneles solares y que disminuya considerablemente el costo del pago de la energ\u00eda el\u00e9ctrica porque eso es lo que est\u00e1 matando a CAPAMA\u201d, ataj\u00f3.<\/p>\n<p style=\"text-align: justify;\">El candidato extern\u00f3 que conoce el problema de CAPAMA y ofreci\u00f3 que el gobierno del estado sea un brazo importante para solucionarlo.<\/p>\n<p style=\"text-align: justify;\">\u201cCapama, es un organismo que se ha ido colapsando porque tiene exceso de personal, sus gastos son m\u00e1s que sus ingresos y as\u00ed no puede operar\u201d.<\/p>\n<p style=\"text-align: justify;\">En otro compromiso m\u00e1s que hizo frente a los vecinos de Mozimba y la Infonavit Jos\u00e9 L\u00f3pez Portillo, fue el de tener un programa que ayude al mejoramiento de vivienda a las familias que trabajan d\u00eda a d\u00eda ya que su sueldo no les da para poder hacerlo, sobre todo en estos edificios de inter\u00e9s social.<\/p>\n<p style=\"text-align: justify;\"><strong>VAMOS A SACAR ADELANTE AL PUERTO\u00a0<\/strong><\/p>\n<p style=\"text-align: justify;\">Tener colonias m\u00e1s seguras a trav\u00e9s de la colocaci\u00f3n de luminarias y el incremento de c\u00e1maras de vigilancia, adem\u00e1s de trabajar de la mano con el gobierno municipal para solucionar el problema del agua, los compromisos del <img loading=\"lazy\" decoding=\"async\" class=\"alignleft size-medium wp-image-1226332\" src=\"https:\/\/www.acapulco.press\/wp-content\/uploads\/2021\/05\/MMA-TAJA10-375x250.jpeg\" alt=\"\" width=\"375\" height=\"250\" \/>candidato a gobernador de la alianza PRI-PRD, Mario Moreno Arcos, tras caminar por calles de distintas colonias del puerto de Acapulco.<\/p>\n<p style=\"text-align: justify;\">Moreno Arcos, adem\u00e1s de visitar Mozimba, tambi\u00e9n llev\u00f3 a cabo un encuentro con vecinos de la Infonavit Jos\u00e9 L\u00f3pez Portillo, con quienes se comprometi\u00f3 a revisar edificios a trav\u00e9s de t\u00e9cnicos de Protecci\u00f3n Civil, rehabilitarlos e impermeabilizarlos, si es necesario.<\/p>\n<p style=\"text-align: justify;\">\u201cNo les voy a fallar a mis amigos acapulque\u00f1os, vamos a trabajar de la mano con el gobierno municipal que <img loading=\"lazy\" decoding=\"async\" class=\"alignleft size-medium wp-image-1226330\" src=\"https:\/\/www.acapulco.press\/wp-content\/uploads\/2021\/05\/MMA-TAJA8-375x250.jpeg\" alt=\"\" width=\"375\" height=\"250\" \/>encabezar\u00e1 Ricardo Taja, para solucionar el problema del agua, que es un problema que sufre la gente, as\u00ed me lo han externado en esta caminata, porque As\u00ed Gana Guerrero\u201d, sostuvo.<\/p>\n<p style=\"text-align: justify;\">Durante su intervenci\u00f3n se refiri\u00f3 a los hechos de la Ciudad de M\u00e9xico donde la l\u00ednea 12 del metro colaps\u00f3 y provoc\u00f3 la muerte de m\u00e1s de 20 personas y decenas de heridos; envi\u00f3 condolencias a las familias que perdieron a un ser querido.<\/p>\n<p style=\"text-align: justify;\">\u201cMuy lamentable ver c\u00f3mo se cay\u00f3 la l\u00ednea doce en el metro de la Ciudad de M\u00e9xico, desde aqu\u00ed les mandamos un abrazo <img loading=\"lazy\" decoding=\"async\" class=\"alignleft size-medium wp-image-1226329\" src=\"https:\/\/www.acapulco.press\/wp-content\/uploads\/2021\/05\/MMA-TAJA7-375x250.jpeg\" alt=\"\" width=\"375\" height=\"250\" \/>a quienes lamentablemente perdieron a sus familiares; no se pueden hacer obras de mala calidad, por favor, no podemos arriesgar la vida de nadie\u201d.<\/p>\n<p style=\"text-align: justify;\">Invit\u00f3 a que no haya equivocaciones porque la gente ya conoce a los de enfrente y \u201csaben qui\u00e9nes son, los han vivido, los han padecido, hoy el reto es un gobierno serio, un gobierno responsable un gobierno que d\u00e9 resultados, un gobierno que conozca la geograf\u00eda de Guerrero, no un gobierno improvisado, un gobierno del caos\u201d, asever\u00f3.<\/p>\n<p style=\"text-align: justify;\">Y agreg\u00f3: \u201cHoy estamos m\u00e1s fuertes que nunca, cada d\u00eda se <img loading=\"lazy\" decoding=\"async\" class=\"alignleft size-medium wp-image-1226352\" src=\"https:\/\/www.acapulco.press\/wp-content\/uploads\/2021\/05\/MMA-TAJA30-375x250.jpeg\" alt=\"\" width=\"375\" height=\"250\" \/>suman m\u00e1s ciudadanos a nuestro proyecto, militantes de otros partidos, fundaciones, movimientos, gente de todo el estado, j\u00f3venes, mujeres y \u00bfsaben por qu\u00e9? Porque aqu\u00ed encuentran coherencia con lo que decimos y hacemos, encuentran el respeto a las ideas, ven gente que se toma muy en serio el trabajar por el bienestar de nuestra gente. Somos personas que amamos profundamente a nuestro estado\u201d.<\/p>\n<p style=\"text-align: justify;\">Por su parte, Javier Taja, coordinador de la campa\u00f1a en Acapulco, calific\u00f3 a Mario Moreno como un hombre ganador, ya que de seis elecciones ha ganado las seis y eso solo significa, dijo, que es porque la gente le tiene confianza, ya que de no ser as\u00ed no votar\u00edan de nuevo por \u00e9l.<\/p>\n<p style=\"text-align: justify;\">Taja Ram\u00edrez expuso que es importante darle seguimiento al gobierno de H\u00e9ctor Astudillo, quien le ha dado tranquilidad al estado, \u201csi bien es cierto que no es el mejor estado, pero tampoco ya no es el peor\u201d.<\/p>\n<p style=\"text-align: justify;\">A esta caminata acompa\u00f1aron a Moreno Arcos, la candidata a diputada local por el distrito 04, Edilma Galeana; el s\u00edndico y el regidor Javier Solorio y Alain Rodr\u00edguez.<\/p>\n\n","protected":false},"excerpt":{"rendered":"<p>] ACAPULCO. &#8216; 4 de mayo de 2021. ) Especial. El candidato a gobernador de la alianza PRI\/PRD, Mario Moreno Arcos, se\u00f1al\u00f3 que a nivel nacional y local las encuestas lo han ido posicionando y asegur\u00f3 en que en \u00e9stos d\u00edas que faltan de campa\u00f1a \u201cvamos a remontar y a ganar la elecci\u00f3n\u201d. En entrevista&#8230;<\/p>\n","protected":false},"author":2,"featured_media":1226296,"comment_status":"closed","ping_status":"closed","sticky":false,"template":"","format":"standard","meta":{"footnotes":""},"categories":[1972],"tags":[2914,5941,12685,15606],"class_list":["post-1226328","post","type-post","status-publish","format-standard","has-post-thumbnail","hentry","category-special","tag-vaxguerrero","tag-coalicion-pri-prd-eleccion-guerrero-2021","tag-mario-moreno-arcos","tag-ricardo-taja-ramirez"],"_links":{"self":[{"href":"https:\/\/www.acapulcopress.com\/index.php\/wp-json\/wp\/v2\/posts\/1226328","targetHints":{"allow":["GET"]}}],"collection":[{"href":"https:\/\/www.acapulcopress.com\/index.php\/wp-json\/wp\/v2\/posts"}],"about":[{"href":"https:\/\/www.acapulcopress.com\/index.php\/wp-json\/wp\/v2\/types\/post"}],"author":[{"embeddable":true,"href":"https:\/\/www.acapulcopress.com\/index.php\/wp-json\/wp\/v2\/users\/2"}],"replies":[{"embeddable":true,"href":"https:\/\/www.acapulcopress.com\/index.php\/wp-json\/wp\/v2\/comments?post=1226328"}],"version-history":[{"count":0,"href":"https:\/\/www.acapulcopress.com\/index.php\/wp-json\/wp\/v2\/posts\/1226328\/revisions"}],"wp:featuredmedia":[{"embeddable":true,"href":"https:\/\/www.acapulcopress.com\/index.php\/wp-json\/"}],"wp:attachment":[{"href":"https:\/\/www.acapulcopress.com\/index.php\/wp-json\/wp\/v2\/media?parent=1226328"}],"wp:term":[{"taxonomy":"category","embeddable":true,"href":"https:\/\/www.acapulcopress.com\/index.php\/wp-json\/wp\/v2\/categories?post=1226328"},{"taxonomy":"post_tag","embeddable":true,"href":"https:\/\/www.acapulcopress.com\/index.php\/wp-json\/wp\/v2\/tags?post=1226328"}],"curies":[{"name":"wp","href":"https:\/\/api.w.org\/{rel}","templated":true}]}}