{"id":1226370,"date":"2021-05-04T20:12:53","date_gmt":"2021-05-05T01:12:53","guid":{"rendered":"https:\/\/www.acapulco.press\/?p=1226370"},"modified":"2021-05-04T20:12:53","modified_gmt":"2021-05-05T01:12:53","slug":"guerrero-no-merece-una-juanita-sin-meritos-politicos-suscribe-la-senadora-nestora-salgado","status":"publish","type":"post","link":"https:\/\/www.acapulcopress.com\/index.php\/2021\/05\/04\/guerrero-no-merece-una-juanita-sin-meritos-politicos-suscribe-la-senadora-nestora-salgado\/","title":{"rendered":"Guerrero no merece una #Juanita sin m\u00e9ritos pol\u00edticos, suscribe la Senadora Nestora Salgado"},"content":{"rendered":"<p style=\"text-align: justify;\"><em><strong>* Evelyn Salgado carece de m\u00e9ritos pol\u00edticos e historial de lucha social; toda su vida ha sido perredista y trabajado para gobiernos pri\u00edstas, por tal motivo pide la Senadora Nestora Salgado Garc\u00eda a la hija de F\u00e9lix Salgado declinar por quien s\u00ed tenga talento y experiencia para gobernar.<\/strong><\/em><\/p>\n<p style=\"text-align: justify;\"><em>* Destaca la Senadora morenista que, por la forma ama\u00f1ada en que fue realizado el proceso interno de selecci\u00f3n de candidatos al gobierno de Guerrero, esta acci\u00f3n fraudulenta ya fue impugnado ante las autoridades competentes por el ex aspirantes a la candidatura a la gubernatura del Estado, Jorge Carlos Pay\u00e1n Torres&#8230; y dicha impugnaci\u00f3n \u00abpuede dar la sorpresa\u201d de un momento a otro, advierte Nestora Salgado.<\/em><\/p>\n<p style=\"text-align: justify;\"><strong><em>* Es preocupante el malestar y hartazgo de la militancia morenistas por la imposici\u00f3n de una &#8216;Juanita&#8217; como candidata a gobernadora del Estado; ese malestar podr\u00eda repercutir en que Morena se vaya a pique y pierda la elecci\u00f3n del pr\u00f3ximo 6 de junio, sostiene la senadora de Morena por Guerrero.<\/em><\/strong><br \/>\n<strong>\u00a0\u00a0<\/strong><br \/>\n] CIUDAD DE M\u00c9XICO. &#8216; 4 de mayo de 2021.<br \/>\n<em>) <a href=\"https:\/\/julioastillero.com\/video-nestora-salgado-guerrero-no-merece-una-juanita-solicita-que-felix-pida-a-su-hija-que-decline-por-quien-si-representa-al-pueblo-y-ofrece-hacerse-a-un-lado\/\" target=\"_blank\" rel=\"noopener\">Astillero<\/a>.<\/em><\/p>\n<p style=\"text-align: justify;\">En entrevista con Julio Hern\u00e1ndez para Astillero Informa, la senadora morenista Nestora Salgado critic\u00f3 el proceso por el cual se design\u00f3 a Evelyn Salgado Pineda como candidata de Morena en Guerrero, neg\u00f3 que la joven tuviera m\u00e9ritos pol\u00edticos o historial de lucha, e incluso se\u00f1al\u00f3 que \u201chasta hace una semana\u201d estaba \u201ccobrando como delegada <img loading=\"lazy\" decoding=\"async\" class=\"alignleft size-medium wp-image-1226371\" src=\"https:\/\/www.acapulco.press\/wp-content\/uploads\/2021\/05\/NESTORA-SALGADO-375x211.png\" alt=\"\" width=\"375\" height=\"211\" \/>de la Secretar\u00eda de la Mujer\u201d en el actual gobierno priista de\u00a0 H\u00e9ctor Astudillo.<\/p>\n<p style=\"text-align: justify;\">Nestora se\u00f1al\u00f3 que solicitaba que \u201cF\u00e9lix le pida a su hija que renuncie y decline por alguien que s\u00ed representa al pueblo\u201d. Aclar\u00f3 que no se trata de un tema personal, pues si se concretara dicha renuncia, ella se har\u00eda a un lado ya que no busca ser un factor de visi\u00f3n. Lo que pretende, dijo, es atender el reclamo de la gente, que le ha externado su reclamo por la forma en que se dieron las cosas. \u201cNo somos lo mismo de lo que hemos criticado\u201d, asegur\u00f3.<\/p>\n<p style=\"text-align: justify;\">La senadora se\u00f1al\u00f3 que los morenistas han criticado a los dem\u00e1s partidos y han pregonado que se va a acabar con la simulaci\u00f3n, el dedazo y los compadrazgos, lo cual contrasta con lo \u201copaco\u201d de este proceso interno en Guerrero. Manifest\u00f3 que conf\u00eda en F\u00e9lix Salgado Macedonio pues representa una lucha y un movimiento de izquierda y expres\u00f3 que \u201cpudo haber sido bueno\u201d, pero la decisi\u00f3n \u201cen \u00faltimo momento de poner a la hija (\u2026) no est\u00e1 bien\u201d. Consider\u00f3 que hab\u00eda varios activistas y luchadores, mujeres y hombres, que han estado en varias batallas y merecen ser tomados en cuenta.<\/p>\n<p style=\"text-align: justify;\">La exintegrante de la polic\u00eda comunitaria de Guerrero se\u00f1al\u00f3 que se debi\u00f3 tomar en cuenta a quienes se registraron originalmente para competir y mencion\u00f3 que la hija de Salgado Macedonio \u201cno estaba figurando para nada\u201d en el proceso, al que calific\u00f3 como una simulaci\u00f3n pues antes de darse a conocer los resultados de las encuestas, la gente de Salgado Macedonio ya estaba citando para acompa\u00f1ar a Evelyn al registro y luego a un evento en Acapulco. Aclar\u00f3 que no tiene nada contra Evelyn Salgado ni contra su padre, sino que m\u00e1s bien est\u00e1 contra el procedimiento.<\/p>\n<p style=\"text-align: justify;\">Nestora Salgado neg\u00f3 que vaya a impugnar o a renunciar a Morena pues reiter\u00f3 que ella cree firmemente en el proyecto de transformaci\u00f3n encabezado por el Presidente L\u00f3pez Obrador.<\/p>\n<p style=\"text-align: justify;\">Dijo que uno de los ex aspirantes a la candidatura, Ernesto Pay\u00e1n, ya impugn\u00f3 todo el proceso interno \u201cy nos puede dar la sorpresa\u201d.<\/p>\n<p style=\"text-align: justify;\">Se defini\u00f3 como \u201cuna guerrera\u201d y dijo que seguir\u00e1 luchando y hablando de aquello que no est\u00e1 saliendo bien, pues s\u00f3lo con transparencia puede seguirse defendiendo al movimiento ya que hay mucha gente convencida de que Morena es una opci\u00f3n.<\/p>\n<p style=\"text-align: justify;\"><code><iframe loading=\"lazy\" style=\"border: none; overflow: hidden;\" src=\"https:\/\/www.facebook.com\/plugins\/video.php?height=314&amp;href=https%3A%2F%2Fwww.facebook.com%2Fangelblanco.press%2Fvideos%2F2877582495835740%2F&amp;show_text=false&amp;width=560\" width=\"560\" height=\"314\" frameborder=\"0\" scrolling=\"no\" allowfullscreen=\"allowfullscreen\"><\/iframe><\/code><\/p>\n","protected":false},"excerpt":{"rendered":"<p>* Evelyn Salgado carece de m\u00e9ritos pol\u00edticos e historial de lucha social; toda su vida ha sido perredista y trabajado para gobiernos pri\u00edstas, por tal motivo pide la Senadora Nestora Salgado Garc\u00eda a la hija de F\u00e9lix Salgado declinar por quien s\u00ed tenga talento y experiencia para gobernar. * Destaca la Senadora morenista que, por&#8230;<\/p>\n","protected":false},"author":2,"featured_media":1226372,"comment_status":"closed","ping_status":"closed","sticky":false,"template":"","format":"standard","meta":{"footnotes":""},"categories":[2053,1972],"tags":[],"class_list":["post-1226370","post","type-post","status-publish","format-standard","has-post-thumbnail","hentry","category-elecciones-special","category-special"],"_links":{"self":[{"href":"https:\/\/www.acapulcopress.com\/index.php\/wp-json\/wp\/v2\/posts\/1226370","targetHints":{"allow":["GET"]}}],"collection":[{"href":"https:\/\/www.acapulcopress.com\/index.php\/wp-json\/wp\/v2\/posts"}],"about":[{"href":"https:\/\/www.acapulcopress.com\/index.php\/wp-json\/wp\/v2\/types\/post"}],"author":[{"embeddable":true,"href":"https:\/\/www.acapulcopress.com\/index.php\/wp-json\/wp\/v2\/users\/2"}],"replies":[{"embeddable":true,"href":"https:\/\/www.acapulcopress.com\/index.php\/wp-json\/wp\/v2\/comments?post=1226370"}],"version-history":[{"count":0,"href":"https:\/\/www.acapulcopress.com\/index.php\/wp-json\/wp\/v2\/posts\/1226370\/revisions"}],"wp:featuredmedia":[{"embeddable":true,"href":"https:\/\/www.acapulcopress.com\/index.php\/wp-json\/"}],"wp:attachment":[{"href":"https:\/\/www.acapulcopress.com\/index.php\/wp-json\/wp\/v2\/media?parent=1226370"}],"wp:term":[{"taxonomy":"category","embeddable":true,"href":"https:\/\/www.acapulcopress.com\/index.php\/wp-json\/wp\/v2\/categories?post=1226370"},{"taxonomy":"post_tag","embeddable":true,"href":"https:\/\/www.acapulcopress.com\/index.php\/wp-json\/wp\/v2\/tags?post=1226370"}],"curies":[{"name":"wp","href":"https:\/\/api.w.org\/{rel}","templated":true}]}}