{"id":1226398,"date":"2021-05-04T21:41:21","date_gmt":"2021-05-05T02:41:21","guid":{"rendered":"https:\/\/www.acapulco.press\/?p=1226398"},"modified":"2021-05-04T21:41:21","modified_gmt":"2021-05-05T02:41:21","slug":"gobernador-reconoce-labor-de-combatientes-de-incendios-forestales","status":"publish","type":"post","link":"https:\/\/www.acapulcopress.com\/index.php\/2021\/05\/04\/gobernador-reconoce-labor-de-combatientes-de-incendios-forestales\/","title":{"rendered":"Gobernador reconoce labor de combatientes de incendios forestales"},"content":{"rendered":"<p style=\"text-align: justify;\"><img loading=\"lazy\" decoding=\"async\" class=\"alignnone wp-image-1226399 size-large\" src=\"https:\/\/www.acapulco.press\/wp-content\/uploads\/2021\/05\/ForestalesGro-840x560.jpg\" alt=\"\" width=\"840\" height=\"560\" \/><\/p>\n<p>] ACAPULCO. &#8216; 4 de mayo de 2021.<br \/>\n<em>) Gobierno de Guerrero.<\/em><\/p>\n<p style=\"text-align: justify;\">En el marco de la conmemoraci\u00f3n del D\u00eda Internacional del y la Combatiente de Incendios Forestales, el gobernador del estado reconoci\u00f3 la labor de mujeres y hombres que se encuentran atendiendo los diferentes siniestros que se <img loading=\"lazy\" decoding=\"async\" class=\"alignleft size-medium wp-image-1226401\" src=\"https:\/\/www.acapulco.press\/wp-content\/uploads\/2021\/05\/ForestalesGro3-375x249.jpg\" alt=\"\" width=\"375\" height=\"249\" \/>han presentado en las distintas regiones de la entidad, los cuales puntualiz\u00f3, la mayor\u00eda de ellos son ocasionados por descuidos.<\/p>\n<p>\u201cNuestro reconocimiento a todos los hombres y mujeres que, con una gran terminaci\u00f3n participan para enfrentar los incendios que son tan delicados\u201d, dijo.<\/p>\n<p>Al respecto mencion\u00f3 los incendios que actualmente est\u00e1n activos, como el de Buenavista de Cu\u00e9llar, en donde con el apoyo de helic\u00f3pteros se est\u00e1 trabajando para controlar la situaci\u00f3n. Tambi\u00e9n mencion\u00f3 el incendio que se dio en un lote de veh\u00edculos cerca del municipio de Chilpancingo y que fue atendido puntualmente.<\/p>\n<p>Aprovech\u00f3 esta oportunidad para tambi\u00e9n agradecer a las brigadas de Protecci\u00f3n Civil, de la Secretar\u00eda de Medio Ambiente y Recursos Naturales (Semaren), de la Comisi\u00f3n Nacional Forestal (Conafor), la Secretar\u00eda de la Defensa Nacional (Sedena), la Comisi\u00f3n Nacional del Agua (Conagua) y brigadistas voluntarios, que en todo momento han sido coadyuvantes en estas tareas.<\/p>\n","protected":false},"excerpt":{"rendered":"<p>] ACAPULCO. &#8216; 4 de mayo de 2021. ) Gobierno de Guerrero. En el marco de la conmemoraci\u00f3n del D\u00eda Internacional del y la Combatiente de Incendios Forestales, el gobernador del estado reconoci\u00f3 la labor de mujeres y hombres que se encuentran atendiendo los diferentes siniestros que se han presentado en las distintas regiones de&#8230;<\/p>\n","protected":false},"author":2,"featured_media":1226402,"comment_status":"closed","ping_status":"closed","sticky":false,"template":"","format":"standard","meta":{"footnotes":""},"categories":[18573,1983],"tags":[6186,6189,6705,9302,9705,12964,16207,16226,16234,16421],"class_list":["post-1226398","post","type-post","status-publish","format-standard","has-post-thumbnail","hentry","category-goverment","category-guerrerogob","tag-comision-nacional-del-agua-conagua","tag-comision-nacional-forestal-conafor","tag-covid19","tag-gobierno-de-guerrero","tag-hector-astudillo-flores","tag-mesa-de-coordinacion-para-la-construccion-de-la-paz","tag-secretaria-de-la-defensa-nacional-sedena","tag-secretaria-de-medio-ambiente-y-recursos-naturales-semaren","tag-secretaria-de-proteccion-civil-guerrero","tag-semaforo-de-riesgo-covid19"],"_links":{"self":[{"href":"https:\/\/www.acapulcopress.com\/index.php\/wp-json\/wp\/v2\/posts\/1226398","targetHints":{"allow":["GET"]}}],"collection":[{"href":"https:\/\/www.acapulcopress.com\/index.php\/wp-json\/wp\/v2\/posts"}],"about":[{"href":"https:\/\/www.acapulcopress.com\/index.php\/wp-json\/wp\/v2\/types\/post"}],"author":[{"embeddable":true,"href":"https:\/\/www.acapulcopress.com\/index.php\/wp-json\/wp\/v2\/users\/2"}],"replies":[{"embeddable":true,"href":"https:\/\/www.acapulcopress.com\/index.php\/wp-json\/wp\/v2\/comments?post=1226398"}],"version-history":[{"count":0,"href":"https:\/\/www.acapulcopress.com\/index.php\/wp-json\/wp\/v2\/posts\/1226398\/revisions"}],"wp:featuredmedia":[{"embeddable":true,"href":"https:\/\/www.acapulcopress.com\/index.php\/wp-json\/"}],"wp:attachment":[{"href":"https:\/\/www.acapulcopress.com\/index.php\/wp-json\/wp\/v2\/media?parent=1226398"}],"wp:term":[{"taxonomy":"category","embeddable":true,"href":"https:\/\/www.acapulcopress.com\/index.php\/wp-json\/wp\/v2\/categories?post=1226398"},{"taxonomy":"post_tag","embeddable":true,"href":"https:\/\/www.acapulcopress.com\/index.php\/wp-json\/wp\/v2\/tags?post=1226398"}],"curies":[{"name":"wp","href":"https:\/\/api.w.org\/{rel}","templated":true}]}}