{"id":1226408,"date":"2021-05-04T12:56:40","date_gmt":"2021-05-04T17:56:40","guid":{"rendered":"https:\/\/www.acapulco.press\/?p=1226408"},"modified":"2021-05-04T12:56:40","modified_gmt":"2021-05-04T17:56:40","slug":"avanza-con-exito-vacunacion-contra-el-covid19-en-guerrero","status":"publish","type":"post","link":"https:\/\/www.acapulcopress.com\/index.php\/2021\/05\/04\/avanza-con-exito-vacunacion-contra-el-covid19-en-guerrero\/","title":{"rendered":"Avanza con \u00e9xito vacunaci\u00f3n contra el Covid19 en Guerrero"},"content":{"rendered":"<p style=\"text-align: justify;\"><img loading=\"lazy\" decoding=\"async\" class=\"alignnone wp-image-1226409 \" src=\"https:\/\/www.acapulco.press\/wp-content\/uploads\/2021\/05\/VACUNACION-EXITO.jpg\" alt=\"\" width=\"807\" height=\"537\" \/><\/p>\n<p style=\"text-align: justify;\">] ACAPULCO. &#8216; 4 de mayo de 2021.<br \/>\n<em>) Gobierno de Guerrero.<\/em><\/p>\n<p style=\"text-align: justify;\">La vacunaci\u00f3n contin\u00faa avanzando de manera exitosa en la entidad, se\u00f1al\u00f3 el gobernador H\u00e9ctor Astudillo, quien resalt\u00f3 que gracias a la coordinaci\u00f3n de esfuerzos entre los diferentes \u00f3rdenes de gobierno, este martes se est\u00e1 atendiendo de manera simult\u00e1nea a 30 municipios pertenecientes a cuatro regiones, tanto para adultos de entre 50 a <img loading=\"lazy\" decoding=\"async\" class=\"alignleft size-medium wp-image-1226412\" src=\"https:\/\/www.acapulco.press\/wp-content\/uploads\/2021\/05\/VACUNACION-EXITO4-375x250.jpg\" alt=\"\" width=\"375\" height=\"250\" \/>59 a\u00f1os, como la segunda dosis para adultos mayores.<\/p>\n<p style=\"text-align: justify;\">En compa\u00f1\u00eda del secretario de Salud, Carlos de la Pe\u00f1a Pintos, el gobernador enfatiz\u00f3 el trabajo que se est\u00e1 llevando a cabo para poder garantizar la vacunaci\u00f3n a la poblaci\u00f3n. Durante la transmisi\u00f3n diaria a trav\u00e9s de las redes sociales, contestaron algunas de las preguntas del p\u00fablico, principalmente en lo que respecta a la vacunaci\u00f3n para maestros, se\u00f1alando que a\u00fan contin\u00faan las reuniones en torno a la log\u00edstica que se seguir\u00e1, anunciando que se prev\u00e9 que esta inicie el 12 de mayo.<\/p>\n<p style=\"text-align: justify;\">En este mismo contexto, sostuvo un enlace con el delegado en Guerrero de los programas federales, Iv\u00e1n Hern\u00e1ndez, quien detall\u00f3 que como parte de esta intensa jornada se espera atender a un gran n\u00famero de poblaci\u00f3n de los diferentes municipios.<\/p>\n<p style=\"text-align: justify;\">El representante de la Federaci\u00f3n dijo que \u201choy es un d\u00eda con bastante actividad en el tema de vacunaci\u00f3n\u201d, a la vez que explic\u00f3 que de acuerdo a la calendarizaci\u00f3n, se atiende a adultos de 50 a 59 a\u00f1os en las regiones Norte y Costa Grande; mientras que en lo que respecta a la segunda dosis a adultos mayores, a Acapulco as\u00ed como Monta\u00f1a, espec\u00edficamente los municipios de Malinaltepec, Tlapa, Huamuxtitl\u00e1n, Tlacoapa, Xochihuehuetl\u00e1n y Zapotitl\u00e1n Tablas.<\/p>\n<p style=\"text-align: justify;\">Hasta el corte del mediod\u00eda, en Acapulco se hab\u00eda atendido a alrededor de 750 personas en promedio cada uno de los cinco macropuntos. Asimismo hizo un llamado a toda la poblaci\u00f3n que cumpla con la edad para vacunarse, a que realice su registro para recibir la aplicaci\u00f3n correspondiente.<\/p>\n<p style=\"text-align: justify;\"><strong>Los n\u00fameros del Covid<br \/>\n<\/strong><br \/>\nEn cuanto al reporte diario, De la Pe\u00f1a Pintos inform\u00f3 que hasta este martes el estado acumula 39 mil 847 casos; 4 mil 341 decesos; 67 casos nuevos y 446 activos. En el tema de las defunciones, en lo que va del mes de mayo, se mantiene un promedio de 7 fallecimientos por d\u00eda.<\/p>\n<p style=\"text-align: justify;\">La hospitalizaci\u00f3n se mantiene estable, con un 20 por ciento, por arriba de la media nacional, que es de 12. Mientras que en el uso de ventiladores, hay una ocupaci\u00f3n de 15 puntos porcentuales, por debajo de la media nacional, que es de 16.<\/p>\n<p style=\"text-align: justify;\">\n","protected":false},"excerpt":{"rendered":"<p>] ACAPULCO. &#8216; 4 de mayo de 2021. ) Gobierno de Guerrero. La vacunaci\u00f3n contin\u00faa avanzando de manera exitosa en la entidad, se\u00f1al\u00f3 el gobernador H\u00e9ctor Astudillo, quien resalt\u00f3 que gracias a la coordinaci\u00f3n de esfuerzos entre los diferentes \u00f3rdenes de gobierno, este martes se est\u00e1 atendiendo de manera simult\u00e1nea a 30 municipios pertenecientes a&#8230;<\/p>\n","protected":false},"author":2,"featured_media":1226411,"comment_status":"closed","ping_status":"closed","sticky":false,"template":"","format":"standard","meta":{"footnotes":""},"categories":[18573,1983],"tags":[],"class_list":["post-1226408","post","type-post","status-publish","format-standard","has-post-thumbnail","hentry","category-goverment","category-guerrerogob"],"_links":{"self":[{"href":"https:\/\/www.acapulcopress.com\/index.php\/wp-json\/wp\/v2\/posts\/1226408","targetHints":{"allow":["GET"]}}],"collection":[{"href":"https:\/\/www.acapulcopress.com\/index.php\/wp-json\/wp\/v2\/posts"}],"about":[{"href":"https:\/\/www.acapulcopress.com\/index.php\/wp-json\/wp\/v2\/types\/post"}],"author":[{"embeddable":true,"href":"https:\/\/www.acapulcopress.com\/index.php\/wp-json\/wp\/v2\/users\/2"}],"replies":[{"embeddable":true,"href":"https:\/\/www.acapulcopress.com\/index.php\/wp-json\/wp\/v2\/comments?post=1226408"}],"version-history":[{"count":0,"href":"https:\/\/www.acapulcopress.com\/index.php\/wp-json\/wp\/v2\/posts\/1226408\/revisions"}],"wp:featuredmedia":[{"embeddable":true,"href":"https:\/\/www.acapulcopress.com\/index.php\/wp-json\/"}],"wp:attachment":[{"href":"https:\/\/www.acapulcopress.com\/index.php\/wp-json\/wp\/v2\/media?parent=1226408"}],"wp:term":[{"taxonomy":"category","embeddable":true,"href":"https:\/\/www.acapulcopress.com\/index.php\/wp-json\/wp\/v2\/categories?post=1226408"},{"taxonomy":"post_tag","embeddable":true,"href":"https:\/\/www.acapulcopress.com\/index.php\/wp-json\/wp\/v2\/tags?post=1226408"}],"curies":[{"name":"wp","href":"https:\/\/api.w.org\/{rel}","templated":true}]}}