{"id":1226427,"date":"2021-05-04T23:59:04","date_gmt":"2021-05-05T04:59:04","guid":{"rendered":"https:\/\/www.acapulco.press\/?p=1226427"},"modified":"2021-05-04T23:59:04","modified_gmt":"2021-05-05T04:59:04","slug":"todos-los-involucrados-en-accidente-de-la-linea12-trabajan-con-amlo","status":"publish","type":"post","link":"https:\/\/www.acapulcopress.com\/index.php\/2021\/05\/04\/todos-los-involucrados-en-accidente-de-la-linea12-trabajan-con-amlo\/","title":{"rendered":"Todos los involucrados en accidente de la #L\u00ednea12 trabajan con AMLO"},"content":{"rendered":"<p style=\"text-align: justify;\"><img loading=\"lazy\" decoding=\"async\" class=\"alignnone wp-image-1226430 size-large\" src=\"https:\/\/www.acapulco.press\/wp-content\/uploads\/2021\/05\/Lineas12Metro2-840x560.jpg\" alt=\"\" width=\"840\" height=\"560\" \/><\/p>\n<p>] CIUDAD DE M\u00c9XICO. &#8216; 4 de mayo de 2021.<br \/>\n<em>) <a href=\"https:\/\/laotraopinion.com.mx\/todos-los-involucrados-en-la-linea-12-trabajan-con-amlo\/\" target=\"_blank\" rel=\"noopener\">La Otra Opini\u00f3n<\/a>.<\/em><\/p>\n<p style=\"text-align: justify;\">Desde que inici\u00f3 la Cuarta Transformaci\u00f3n en ning\u00fan momento se han hecho responsables de las tragedias. En la mayor\u00eda de las ocasiones el Presidente Andr\u00e9s Manuel L\u00f3pez Obrador le echa la culpa a otros partidos o las administraciones pasadas, pero en este caso no puede hacerlo.<\/p>\n<p style=\"text-align: justify;\">Primero, porque el primer responsable en la lista, Marcelo Ebrard es su Canciller y \u00e9l sab\u00eda que estaba exiliado justo por las investigaciones de esta obra. En su administraci\u00f3n como Jefe de Gobierno empez\u00f3 la Construcci\u00f3n de la L\u00ednea Dorada. AMLO lo regres\u00f3 a M\u00e9xico para que estuviera a su lado en campa\u00f1a y despu\u00e9s en su gobierno.<\/p>\n<p style=\"text-align: justify;\">Segundo, Miguel \u00c1ngel Mancera hasta pos\u00f3 en varias fotos con una camiseta de beisbol donde dec\u00eda que eran \u201camigos\u201d. A pesar de los se\u00f1alamiento que hizo contra Ebrard, en realidad nunca concluyeron las investigaciones.<\/p>\n<p style=\"text-align: justify;\">Tercero, la Jefa de Gobierno, Claudia Sheinbaum pertenece a Morena y ahora tiene el control del Metro, por lo que las fallas en el mantenimiento o desatenci\u00f3n son su responsabilidad.<\/p>\n<p style=\"text-align: justify;\">Cuarto, Mario Delgado, que hoy es el Presidente Nacional de Morena siempre ha sido se\u00f1alado por el fraude de la L\u00ednea 12.<\/p>\n<p style=\"text-align: justify;\">Quinto, los \u00faltimos dos alcaldes de Tl\u00e1huac son de Morena y han perpetuado el poder sin escuchar a los ciudadanos.<\/p>\n<p style=\"text-align: justify;\">Ahora no hay pretexto, todos saben qui\u00e9nes son los responsables de la L\u00ednea 12.<\/p>\n<p><iframe loading=\"lazy\" title=\"Inauguraci\u00f3n de la L\u00ednea 12, L\u00ednea Dorada del Sistema de Transporte Colectivo Metro (completo)\" width=\"1160\" height=\"653\" src=\"https:\/\/www.youtube.com\/embed\/RliGFOgMX8E?feature=oembed\" frameborder=\"0\" allow=\"accelerometer; autoplay; clipboard-write; encrypted-media; gyroscope; picture-in-picture; web-share\" referrerpolicy=\"strict-origin-when-cross-origin\" allowfullscreen><\/iframe><\/p>\n","protected":false},"excerpt":{"rendered":"<p>] CIUDAD DE M\u00c9XICO. &#8216; 4 de mayo de 2021. ) La Otra Opini\u00f3n. Desde que inici\u00f3 la Cuarta Transformaci\u00f3n en ning\u00fan momento se han hecho responsables de las tragedias. En la mayor\u00eda de las ocasiones el Presidente Andr\u00e9s Manuel L\u00f3pez Obrador le echa la culpa a otros partidos o las administraciones pasadas, pero en&#8230;<\/p>\n","protected":false},"author":2,"featured_media":1226429,"comment_status":"closed","ping_status":"closed","sticky":false,"template":"","format":"standard","meta":{"footnotes":""},"categories":[1969],"tags":[3793,5851,6809,12447,12677,13099],"class_list":["post-1226427","post","type-post","status-publish","format-standard","has-post-thumbnail","hentry","category-trending","tag-amlo","tag-claudia-sheinbaum","tag-cuarta-transformacion","tag-marcelo-ebrard","tag-mario-delgado-carrillo","tag-miguel-angel-mancera"],"_links":{"self":[{"href":"https:\/\/www.acapulcopress.com\/index.php\/wp-json\/wp\/v2\/posts\/1226427","targetHints":{"allow":["GET"]}}],"collection":[{"href":"https:\/\/www.acapulcopress.com\/index.php\/wp-json\/wp\/v2\/posts"}],"about":[{"href":"https:\/\/www.acapulcopress.com\/index.php\/wp-json\/wp\/v2\/types\/post"}],"author":[{"embeddable":true,"href":"https:\/\/www.acapulcopress.com\/index.php\/wp-json\/wp\/v2\/users\/2"}],"replies":[{"embeddable":true,"href":"https:\/\/www.acapulcopress.com\/index.php\/wp-json\/wp\/v2\/comments?post=1226427"}],"version-history":[{"count":0,"href":"https:\/\/www.acapulcopress.com\/index.php\/wp-json\/wp\/v2\/posts\/1226427\/revisions"}],"wp:featuredmedia":[{"embeddable":true,"href":"https:\/\/www.acapulcopress.com\/index.php\/wp-json\/"}],"wp:attachment":[{"href":"https:\/\/www.acapulcopress.com\/index.php\/wp-json\/wp\/v2\/media?parent=1226427"}],"wp:term":[{"taxonomy":"category","embeddable":true,"href":"https:\/\/www.acapulcopress.com\/index.php\/wp-json\/wp\/v2\/categories?post=1226427"},{"taxonomy":"post_tag","embeddable":true,"href":"https:\/\/www.acapulcopress.com\/index.php\/wp-json\/wp\/v2\/tags?post=1226427"}],"curies":[{"name":"wp","href":"https:\/\/api.w.org\/{rel}","templated":true}]}}