{"id":1226648,"date":"2021-05-06T00:01:43","date_gmt":"2021-05-06T05:01:43","guid":{"rendered":"https:\/\/www.acapulco.press\/?p=1226648"},"modified":"2021-05-06T00:01:43","modified_gmt":"2021-05-06T05:01:43","slug":"sofocados-100-incencio-forestal-de-buena-vista-de-cuellar","status":"publish","type":"post","link":"https:\/\/www.acapulcopress.com\/index.php\/2021\/05\/06\/sofocados-100-incencio-forestal-de-buena-vista-de-cuellar\/","title":{"rendered":"Sofocado al 100% incendio forestal de Buena Vista de Cu\u00e9llar"},"content":{"rendered":"<p style=\"text-align: justify;\">] ACAPULCO. &#8216; 5 de mayo de 2021.<br \/>\n<em>) Especial.<\/em><\/p>\n<p style=\"text-align: justify;\">El Grupo Directivo del Comit\u00e9 Estatal Contra Incendios Forestales, este martes inform\u00f3 que fue controlado y liquidado al cien por ciento el incendio forestal que se registro en el cerro \u201cPiedras del Codo\u201d en los l\u00edmites de los <img loading=\"lazy\" decoding=\"async\" class=\"alignleft size-medium wp-image-1226650\" src=\"https:\/\/www.acapulco.press\/wp-content\/uploads\/2021\/05\/INCENDIOSGRO2-375x214.jpg\" alt=\"\" width=\"375\" height=\"214\" \/>estados de Guerrero y Morelos, con una afectaci\u00f3n de mil 400 treinta y dos hect\u00e1reas.<\/p>\n<p style=\"text-align: justify;\">En sesi\u00f3n de trabajo dicho comit\u00e9 integrado por dependencias de los tres \u00f3rdenes de gobierno, entreg\u00f3 al ayuntamiento de Buenavista de Cu\u00e9llar el mando de dicho incidente, tras culminar los trabajos de sofocaci\u00f3n realizados por aire y tierra.<\/p>\n<p style=\"text-align: justify;\">En su intervenci\u00f3n el secretario de Protecci\u00f3n Civil, Marco C\u00e9sar Mayares Salvador, reconoci\u00f3 el trabajo de brigadistas, <img loading=\"lazy\" decoding=\"async\" class=\"alignleft size-medium wp-image-1226651\" src=\"https:\/\/www.acapulco.press\/wp-content\/uploads\/2021\/05\/INCENDIOSGRO3-375x210.jpg\" alt=\"\" width=\"375\" height=\"210\" \/>personal voluntario y pilotos, agradeciendo el apoyo recibido del gobierno federal, quien facilit\u00f3 dos helic\u00f3pteros a trav\u00e9s de la Comisi\u00f3n Nacional del Agua (Conagua), as\u00ed como a la Secretar\u00eda de la Defensa Nacional (Sedena) y la Comisi\u00f3n Nacional Forestal (Conafor).<\/p>\n<p style=\"text-align: justify;\">El funcionario, asegur\u00f3 que Guerrero atraviesa por una etapa muy activa en materia de incendios forestales, por lo que el personal continuar\u00e1 combatiendo m\u00e1s siniestros, toda vez que la temporada de lluvias se normalizar\u00e1 hasta el pr\u00f3ximo mes de junio, continuando as\u00ed con el plan operativo en coordinaci\u00f3n con otras dependencias.<\/p>\n<p style=\"text-align: justify;\">Tal como lo instruy\u00f3 el gobernador, H\u00e9ctor Astudillo Flores, esta Secretar\u00eda continuar\u00e1 trabajando en apoyo a los municipios que se ven afectados en esta temporada de estiaje, con el objetivo de salvaguardar la integridad y el patrimonio de los ciudadanos, laborando de manera conjunta con la Secretar\u00eda de Medio Ambiente y Recursos Naturales (Semaren).<\/p>\n<p style=\"text-align: justify;\">En respuesta, la alcaldesa de Buenavista de Cu\u00e9llar, Ana Lilia Botello Figueroa, reconoci\u00f3 el apoyo brindado por el gobernador ante la cr\u00edtica situaci\u00f3n que viv\u00eda su municipio con dicho incendio que se prolongo por alrededor de 7 d\u00edas debido a las condiciones extremas, generando una importante afectaci\u00f3n al entorno ecol\u00f3gico.<\/p>\n<p style=\"text-align: justify;\">En dicha sesi\u00f3n de cierre de actividades tambi\u00e9n estuvieron presentes los titulares de la Secretar\u00eda de Medio Ambiente y Recursos Naturales, Arturo \u00c1lvarez Angly, el representante legal de la Conafor en Guerrero, Edgar Toribio Hern\u00e1ndez y el comandante de incidencias, Jos\u00e9 Alfredo Mart\u00ednez S\u00e1nchez, adem\u00e1s de personal t\u00e9cnico de otros estados del pa\u00eds que dan seguimiento puntual a las incidencias forestales.<\/p>\n","protected":false},"excerpt":{"rendered":"<p>] ACAPULCO. &#8216; 5 de mayo de 2021. ) Especial. El Grupo Directivo del Comit\u00e9 Estatal Contra Incendios Forestales, este martes inform\u00f3 que fue controlado y liquidado al cien por ciento el incendio forestal que se registro en el cerro \u201cPiedras del Codo\u201d en los l\u00edmites de los estados de Guerrero y Morelos, con una&#8230;<\/p>\n","protected":false},"author":2,"featured_media":1226649,"comment_status":"closed","ping_status":"closed","sticky":false,"template":"","format":"standard","meta":{"footnotes":""},"categories":[18573,1983],"tags":[],"class_list":["post-1226648","post","type-post","status-publish","format-standard","has-post-thumbnail","hentry","category-goverment","category-guerrerogob"],"_links":{"self":[{"href":"https:\/\/www.acapulcopress.com\/index.php\/wp-json\/wp\/v2\/posts\/1226648","targetHints":{"allow":["GET"]}}],"collection":[{"href":"https:\/\/www.acapulcopress.com\/index.php\/wp-json\/wp\/v2\/posts"}],"about":[{"href":"https:\/\/www.acapulcopress.com\/index.php\/wp-json\/wp\/v2\/types\/post"}],"author":[{"embeddable":true,"href":"https:\/\/www.acapulcopress.com\/index.php\/wp-json\/wp\/v2\/users\/2"}],"replies":[{"embeddable":true,"href":"https:\/\/www.acapulcopress.com\/index.php\/wp-json\/wp\/v2\/comments?post=1226648"}],"version-history":[{"count":0,"href":"https:\/\/www.acapulcopress.com\/index.php\/wp-json\/wp\/v2\/posts\/1226648\/revisions"}],"wp:featuredmedia":[{"embeddable":true,"href":"https:\/\/www.acapulcopress.com\/index.php\/wp-json\/"}],"wp:attachment":[{"href":"https:\/\/www.acapulcopress.com\/index.php\/wp-json\/wp\/v2\/media?parent=1226648"}],"wp:term":[{"taxonomy":"category","embeddable":true,"href":"https:\/\/www.acapulcopress.com\/index.php\/wp-json\/wp\/v2\/categories?post=1226648"},{"taxonomy":"post_tag","embeddable":true,"href":"https:\/\/www.acapulcopress.com\/index.php\/wp-json\/wp\/v2\/tags?post=1226648"}],"curies":[{"name":"wp","href":"https:\/\/api.w.org\/{rel}","templated":true}]}}