{"id":1226664,"date":"2021-05-06T00:23:38","date_gmt":"2021-05-06T05:23:38","guid":{"rendered":"https:\/\/www.acapulco.press\/?p=1226664"},"modified":"2021-05-06T00:23:38","modified_gmt":"2021-05-06T05:23:38","slug":"mexico-supera-218-mil-muertes-por-covid19","status":"publish","type":"post","link":"https:\/\/www.acapulcopress.com\/index.php\/2021\/05\/06\/mexico-supera-218-mil-muertes-por-covid19\/","title":{"rendered":"M\u00e9xico supera 218 mil muertes por Covid19"},"content":{"rendered":"<p style=\"text-align: justify;\">] CIUDAD DE M\u00c9XICO. &#8216; 5 de mayo de 2021.<br \/>\n<em>) <a href=\"https:\/\/www.forbes.com.mx\/salud-reporta-218007-muertes-acumuladas-por-covid-19-en-mexico\/\" target=\"_blank\" rel=\"noopener\">Forbes<\/a>.<\/em><\/p>\n<p style=\"text-align: justify;\">M\u00e9xico report\u00f3 267 nuevos decesos relacionados al coronavirus en el \u00faltimo d\u00eda, con lo que el n\u00famero muertes por este padecimiento alcanz\u00f3 las 218,007, inform\u00f3 este mi\u00e9rcoles la Secretar\u00eda de Salud (Ssa).<\/p>\n<p style=\"text-align: justify;\">En conferencia de prensa, Ricardo Cort\u00e9s Alcal\u00e1, director general de Promoci\u00f3n de la Salud, indic\u00f3 que hay 2,543,083 casos estimados en el pa\u00eds, de los cuales el 1% representan a la epidemia activa, es decir, 21,246 personas.<\/p>\n<p style=\"text-align: justify;\">En cuanto a los casos confirmados, de acuerdo con la dependencia, el pa\u00eds sum\u00f3 3,021 nuevos contagios en el \u00faltimo d\u00eda por lo que el acumulado es de 2,355,985.<\/p>\n<p style=\"text-align: justify;\">Durante el informe t\u00e9cnico diario desde Palacio Nacional, el funcionario se\u00f1al\u00f3 que 1,877,347 personas se han recuperado del coronavirus.<\/p>\n<p style=\"text-align: justify;\">Cort\u00e9s Alcal\u00e1 explic\u00f3 que la ocupaci\u00f3n hospitalaria en camas generales en todo el pa\u00eds es de 11%, adem\u00e1s, report\u00f3 que no hay ning\u00fan estado por encima del 50% en este rubro, como tampoco ninguna entidad est\u00e1 entre el 30 y 49% en este aspecto.<\/p>\n<p style=\"text-align: justify;\">En ese sentido, a\u00f1adi\u00f3 que en camas con ventilador hay un saturaci\u00f3n del 17% en el pa\u00eds, mientras que no hay ninguna entidad por encima del 50% de ocupaci\u00f3n en este rubro y s\u00f3lo uno entre 30 y 49%, que es Chihuahua.<\/p>\n<p style=\"text-align: justify;\">Sobre el avance en la inmunizaci\u00f3n, el funcionario inform\u00f3 que el martes 4 de mayo hasta el corte de las 21:00 horas se aplicaron 512,611 vacunas contra el Covid-19 por lo tanto, oficialmente hay un acumulado de 19,340,234 dosis suministradas en M\u00e9xico. La dependencia ahora informa sobre el n\u00famero de dosis aplicadas de acuerdo al corte completo del d\u00eda anterior.<\/p>\n<p style=\"text-align: justify;\">Respecto a los esquemas completos de vacunaci\u00f3n, la dependencia inform\u00f3 que se han aplicado 8,418,291.<\/p>\n","protected":false},"excerpt":{"rendered":"<p>] CIUDAD DE M\u00c9XICO. &#8216; 5 de mayo de 2021. ) Forbes. M\u00e9xico report\u00f3 267 nuevos decesos relacionados al coronavirus en el \u00faltimo d\u00eda, con lo que el n\u00famero muertes por este padecimiento alcanz\u00f3 las 218,007, inform\u00f3 este mi\u00e9rcoles la Secretar\u00eda de Salud (Ssa). En conferencia de prensa, Ricardo Cort\u00e9s Alcal\u00e1, director general de Promoci\u00f3n&#8230;<\/p>\n","protected":false},"author":2,"featured_media":1226665,"comment_status":"closed","ping_status":"closed","sticky":false,"template":"","format":"standard","meta":{"footnotes":""},"categories":[1997],"tags":[6715],"class_list":["post-1226664","post","type-post","status-publish","format-standard","has-post-thumbnail","hentry","category-noticias-destacadas","tag-covid19-mexico"],"_links":{"self":[{"href":"https:\/\/www.acapulcopress.com\/index.php\/wp-json\/wp\/v2\/posts\/1226664","targetHints":{"allow":["GET"]}}],"collection":[{"href":"https:\/\/www.acapulcopress.com\/index.php\/wp-json\/wp\/v2\/posts"}],"about":[{"href":"https:\/\/www.acapulcopress.com\/index.php\/wp-json\/wp\/v2\/types\/post"}],"author":[{"embeddable":true,"href":"https:\/\/www.acapulcopress.com\/index.php\/wp-json\/wp\/v2\/users\/2"}],"replies":[{"embeddable":true,"href":"https:\/\/www.acapulcopress.com\/index.php\/wp-json\/wp\/v2\/comments?post=1226664"}],"version-history":[{"count":0,"href":"https:\/\/www.acapulcopress.com\/index.php\/wp-json\/wp\/v2\/posts\/1226664\/revisions"}],"wp:featuredmedia":[{"embeddable":true,"href":"https:\/\/www.acapulcopress.com\/index.php\/wp-json\/"}],"wp:attachment":[{"href":"https:\/\/www.acapulcopress.com\/index.php\/wp-json\/wp\/v2\/media?parent=1226664"}],"wp:term":[{"taxonomy":"category","embeddable":true,"href":"https:\/\/www.acapulcopress.com\/index.php\/wp-json\/wp\/v2\/categories?post=1226664"},{"taxonomy":"post_tag","embeddable":true,"href":"https:\/\/www.acapulcopress.com\/index.php\/wp-json\/wp\/v2\/tags?post=1226664"}],"curies":[{"name":"wp","href":"https:\/\/api.w.org\/{rel}","templated":true}]}}