{"id":1226686,"date":"2021-05-06T21:19:52","date_gmt":"2021-05-07T02:19:52","guid":{"rendered":"https:\/\/www.acapulco.press\/?p=1226686"},"modified":"2021-05-06T21:19:52","modified_gmt":"2021-05-07T02:19:52","slug":"fiscalia-guerrero-captura-a-felix-acusado-del-delito-de-homicidio-calificado","status":"publish","type":"post","link":"https:\/\/www.acapulcopress.com\/index.php\/2021\/05\/06\/fiscalia-guerrero-captura-a-felix-acusado-del-delito-de-homicidio-calificado\/","title":{"rendered":"Fiscal\u00eda Guerrero captura a &#8216;F\u00e9lix&#8217;, acusado del delito de homicidio calificado"},"content":{"rendered":"<p style=\"text-align: justify;\">] CHILPANCINGO. &#8216; 5 de mayo de 2021.<br \/>\n<em>) <a href=\"https:\/\/fiscaliaguerrero.gob.mx\" target=\"_blank\" rel=\"noopener\">https:\/\/fiscaliaguerrero.gob.mx<\/a>.<\/em><\/p>\n<p style=\"text-align: justify;\">Fiscal de Guerrero a trav\u00e9s de la Polic\u00eda Investigadora Ministerial de San Marcos, regi\u00f3n Costa Chica, cumpliment\u00f3 la orden de aprehensi\u00f3n en contra de quien dijo llamarse F\u00e9lix \u00abN\u00bb, detenido en la colonia Santa Cruz de ese municipio de la Costa Chica, como probable responsable del delito de Homicidio Calificado doloso en agravio de Miguel \u00abN\u00bb, hechos en la carpeta judicial C-212\/2021, quedando a disposici\u00f3n del Juez de Control y Enjuiciamiento Penal del Distrito Judicial de Tabares.<\/p>\n<p style=\"text-align: justify;\">VINCULAN A PROCESO A UNA PAREJA DE HOMICIDAS<\/p>\n<p><img loading=\"lazy\" decoding=\"async\" class=\"alignleft size-medium wp-image-1226688\" style=\"text-align: justify;\" src=\"https:\/\/www.acapulco.press\/wp-content\/uploads\/2021\/05\/FGE-LIZBERTH-375x375.jpg\" alt=\"\" width=\"375\" height=\"375\" \/><\/p>\n<p style=\"text-align: justify;\">Vinculaci\u00f3n a proceso logr\u00f3 el Ministerio P\u00fablico adscrito al Distrito Judicial de Tabares, en contra de Ricardo y Lizbeth \u00abN\u00bb, como probables responsables del delito de Homicidio Calificado en agravio de Miguel \u00abN\u00bb.<\/p>\n<p style=\"text-align: justify;\">De acuerdo a las investigaciones realizadas, los imputados se encuentran relacionados con hechos que forman parte de la carpeta judicial C-284\/2021, se\u00f1al\u00e1ndose que la v\u00edctima fue encontrada sin vida y en el interior de un veh\u00edculo.<\/p>\n<p style=\"text-align: justify;\">En audiencia inicial, el Ministerio P\u00fablico aport\u00f3 los datos de prueba obteniendo del Juez de Control la vinculaci\u00f3n a proceso, quedando internos en el Centro de Reinserci\u00f3n Social de Acapulco bajo la medida cautelar de prisi\u00f3n oficiosa, con dos meses de investigaci\u00f3n complementaria.<\/p>\n","protected":false},"excerpt":{"rendered":"<p>] CHILPANCINGO. &#8216; 5 de mayo de 2021. ) https:\/\/fiscaliaguerrero.gob.mx. Fiscal de Guerrero a trav\u00e9s de la Polic\u00eda Investigadora Ministerial de San Marcos, regi\u00f3n Costa Chica, cumpliment\u00f3 la orden de aprehensi\u00f3n en contra de quien dijo llamarse F\u00e9lix \u00abN\u00bb, detenido en la colonia Santa Cruz de ese municipio de la Costa Chica, como probable responsable&#8230;<\/p>\n","protected":false},"author":2,"featured_media":1226687,"comment_status":"closed","ping_status":"closed","sticky":false,"template":"","format":"standard","meta":{"footnotes":""},"categories":[18561,2005],"tags":[8682,10946,14737],"class_list":["post-1226686","post","type-post","status-publish","format-standard","has-post-thumbnail","hentry","category-society-politics","category-seguridad-y-justicia","tag-fiscalia-general-de-guerrero-fge","tag-jorge-zuriel-de-los-santos-barrila","tag-policia-ministerial-de-guerrero"],"_links":{"self":[{"href":"https:\/\/www.acapulcopress.com\/index.php\/wp-json\/wp\/v2\/posts\/1226686","targetHints":{"allow":["GET"]}}],"collection":[{"href":"https:\/\/www.acapulcopress.com\/index.php\/wp-json\/wp\/v2\/posts"}],"about":[{"href":"https:\/\/www.acapulcopress.com\/index.php\/wp-json\/wp\/v2\/types\/post"}],"author":[{"embeddable":true,"href":"https:\/\/www.acapulcopress.com\/index.php\/wp-json\/wp\/v2\/users\/2"}],"replies":[{"embeddable":true,"href":"https:\/\/www.acapulcopress.com\/index.php\/wp-json\/wp\/v2\/comments?post=1226686"}],"version-history":[{"count":0,"href":"https:\/\/www.acapulcopress.com\/index.php\/wp-json\/wp\/v2\/posts\/1226686\/revisions"}],"wp:featuredmedia":[{"embeddable":true,"href":"https:\/\/www.acapulcopress.com\/index.php\/wp-json\/"}],"wp:attachment":[{"href":"https:\/\/www.acapulcopress.com\/index.php\/wp-json\/wp\/v2\/media?parent=1226686"}],"wp:term":[{"taxonomy":"category","embeddable":true,"href":"https:\/\/www.acapulcopress.com\/index.php\/wp-json\/wp\/v2\/categories?post=1226686"},{"taxonomy":"post_tag","embeddable":true,"href":"https:\/\/www.acapulcopress.com\/index.php\/wp-json\/wp\/v2\/tags?post=1226686"}],"curies":[{"name":"wp","href":"https:\/\/api.w.org\/{rel}","templated":true}]}}