{"id":1226713,"date":"2021-05-06T22:25:53","date_gmt":"2021-05-07T03:25:53","guid":{"rendered":"https:\/\/www.acapulco.press\/?p=1226713"},"modified":"2021-05-06T22:25:53","modified_gmt":"2021-05-07T03:25:53","slug":"comite-municipal-de-fuerzaxmexico-se-suma-a-los-proyectos-de-ricardo-taja-y-mario-moreno","status":"publish","type":"post","link":"https:\/\/www.acapulcopress.com\/index.php\/2021\/05\/06\/comite-municipal-de-fuerzaxmexico-se-suma-a-los-proyectos-de-ricardo-taja-y-mario-moreno\/","title":{"rendered":"Comit\u00e9 Municipal de #FuerzaXM\u00e9xico se suma a proyectos de Ricardo Taja y Mario Moreno"},"content":{"rendered":"<p style=\"text-align: justify;\">] ACAPULCO. &#8216; 5 de mayo de 2021.<br \/>\n<em>) Especial.<\/em><\/p>\n<p style=\"text-align: justify;\">El candidato de la coalici\u00f3n PRI-PRD, Ricardo Taja Ram\u00edrez, recibi\u00f3 la adhesi\u00f3n de todo el Comit\u00e9 Directivo Municipal del Partido Fuerza por M\u00e9xico, encabezado por Julio C\u00e9sar Bello Vargas, quien manifest\u00f3 su respaldo <img loading=\"lazy\" decoding=\"async\" class=\"alignleft size-medium wp-image-1226695\" src=\"https:\/\/www.acapulco.press\/wp-content\/uploads\/2021\/05\/TAJAFXM-JCBV-375x211.jpg\" alt=\"\" width=\"375\" height=\"211\" \/>total a Ricardo Taja Ram\u00edrez por ser el que tiene el mejor proyecto para Acapulco.<\/p>\n<p style=\"text-align: justify;\">\u00abCreemos en tu proyecto Ricardo Taja, por eso tomamos una decisi\u00f3n sana y que va en la ruta de un cambio para Acapulco. Te ratificamos aqu\u00ed de manera democr\u00e1tica el respaldo porque t\u00fa vas a gobernar el puerto de Acapulco\u00bb.<\/p>\n<p style=\"text-align: justify;\">Bello Vargas, ante el secuestro que vive el partido Fuerza por M\u00e9xico, se\u00f1al\u00f3 que los m\u00e1s de 30 integrantes del comit\u00e9 municipal y toda su estructura en la entidad, tomaron una <img loading=\"lazy\" decoding=\"async\" class=\"alignleft size-medium wp-image-1226697\" src=\"https:\/\/www.acapulco.press\/wp-content\/uploads\/2021\/05\/TAJAFXM2-375x250.jpg\" alt=\"\" width=\"375\" height=\"250\" \/>decisi\u00f3n sana al renunciar al partido rosa y conformar la nueva organizaci\u00f3n Fuerza Democr\u00e1tica por Guerrero.<\/p>\n<p style=\"text-align: justify;\">\u00abFuerza por M\u00e9xico est\u00e1 siendo secuestrado, por eso salgo de \u00e9l y seguiremos buscando la manera de mejorar todo Guerrero por eso te reiteramos a ti y a Mario Moreno nuestro compromiso con toda la presencia que tenemos es en todas las regiones del estado\u00bb.<\/p>\n<p style=\"text-align: justify;\">El candidato de la coalici\u00f3n PRI-PRD, Ricardo Taja Ram\u00edrez, reconoci\u00f3 a Julio C\u00e9sar Bello Vargas por su trabajo pol\u00edtico y agradeci\u00f3 a todo el comit\u00e9 municipal de Fuerza por M\u00e9xico su apoyo, respaldo y trabajo que realizar\u00e1n rumbo a las elecciones del 6 de junio y asegur\u00f3 que la alianza que busca es con toda la sociedad.<\/p>\n<p style=\"text-align: justify;\">\u00abLa alianza que tiene Ricardo Taja va m\u00e1s all\u00e1 de partidos, la alianza que quiero yo son ustedes, el pueblo, la gente, con las familias, esa es la verdadera alianza que estoy construyendo y hoy con la adhesi\u00f3n del equipo de este partido me da m\u00e1s \u00e1nimo y fortalece m\u00e1s\u00bb, asegur\u00f3.<\/p>\n<p style=\"text-align: justify;\">El candidato de la coalici\u00f3n PRI-PRD convoc\u00f3 a los asistentes a que voten por los 4 candidatos de la alianza \u00abVa por M\u00e9xico\u00bb pues dijo que es necesario contar con el apoyo de Gobierno del estado, diputados locales y federales al igual que Acapulco para lograr este cambio que necesita el destino.<\/p>\n<p style=\"text-align: justify;\">\u00abEl 97 por ciento del recurso para Guerrero proviene de la Federaci\u00f3n, por eso necesitamos tener representaci\u00f3n en todos los cargos y por eso voy a ser el mejor amigo del presidente\u00bb.<\/p>\n<p style=\"text-align: justify;\">Por \u00faltimo, Taja Ram\u00edrez a\u00f1adi\u00f3 parte de los compromisos y acuerdos que se tienen para recuperar al puerto de Acapulco en coordinaci\u00f3n con el gobierno del estado para volver a ser competitivos tur\u00edsticamente para regresarle la belleza al puerto de Acapulco.<\/p>\n","protected":false},"excerpt":{"rendered":"<p>] ACAPULCO. &#8216; 5 de mayo de 2021. ) Especial. El candidato de la coalici\u00f3n PRI-PRD, Ricardo Taja Ram\u00edrez, recibi\u00f3 la adhesi\u00f3n de todo el Comit\u00e9 Directivo Municipal del Partido Fuerza por M\u00e9xico, encabezado por Julio C\u00e9sar Bello Vargas, quien manifest\u00f3 su respaldo total a Ricardo Taja Ram\u00edrez por ser el que tiene el mejor&#8230;<\/p>\n","protected":false},"author":2,"featured_media":1226696,"comment_status":"closed","ping_status":"closed","sticky":false,"template":"","format":"standard","meta":{"footnotes":""},"categories":[2053,1972],"tags":[2914,5941,12685,15606],"class_list":["post-1226713","post","type-post","status-publish","format-standard","has-post-thumbnail","hentry","category-elecciones-special","category-special","tag-vaxguerrero","tag-coalicion-pri-prd-eleccion-guerrero-2021","tag-mario-moreno-arcos","tag-ricardo-taja-ramirez"],"_links":{"self":[{"href":"https:\/\/www.acapulcopress.com\/index.php\/wp-json\/wp\/v2\/posts\/1226713","targetHints":{"allow":["GET"]}}],"collection":[{"href":"https:\/\/www.acapulcopress.com\/index.php\/wp-json\/wp\/v2\/posts"}],"about":[{"href":"https:\/\/www.acapulcopress.com\/index.php\/wp-json\/wp\/v2\/types\/post"}],"author":[{"embeddable":true,"href":"https:\/\/www.acapulcopress.com\/index.php\/wp-json\/wp\/v2\/users\/2"}],"replies":[{"embeddable":true,"href":"https:\/\/www.acapulcopress.com\/index.php\/wp-json\/wp\/v2\/comments?post=1226713"}],"version-history":[{"count":0,"href":"https:\/\/www.acapulcopress.com\/index.php\/wp-json\/wp\/v2\/posts\/1226713\/revisions"}],"wp:featuredmedia":[{"embeddable":true,"href":"https:\/\/www.acapulcopress.com\/index.php\/wp-json\/"}],"wp:attachment":[{"href":"https:\/\/www.acapulcopress.com\/index.php\/wp-json\/wp\/v2\/media?parent=1226713"}],"wp:term":[{"taxonomy":"category","embeddable":true,"href":"https:\/\/www.acapulcopress.com\/index.php\/wp-json\/wp\/v2\/categories?post=1226713"},{"taxonomy":"post_tag","embeddable":true,"href":"https:\/\/www.acapulcopress.com\/index.php\/wp-json\/wp\/v2\/tags?post=1226713"}],"curies":[{"name":"wp","href":"https:\/\/api.w.org\/{rel}","templated":true}]}}