{"id":1226719,"date":"2021-05-06T22:37:37","date_gmt":"2021-05-07T03:37:37","guid":{"rendered":"https:\/\/www.acapulco.press\/?p=1226719"},"modified":"2021-05-06T22:37:37","modified_gmt":"2021-05-07T03:37:37","slug":"angel-irra-la-maroma-de-jorge-salgado-parra-a-morena","status":"publish","type":"post","link":"https:\/\/www.acapulcopress.com\/index.php\/2021\/05\/06\/angel-irra-la-maroma-de-jorge-salgado-parra-a-morena\/","title":{"rendered":"\u00c1ngel Irra | La maroma de Jorge Salgado Parra a Morena"},"content":{"rendered":"<p style=\"text-align: justify;\">Un Rapid\u00edn<br \/>\n] Con <strong>\u00c1ngel Irra Carceda<\/strong>.<\/p>\n<p style=\"text-align: justify;\">No se puede negar que el brinco de Jorge Salgado Parra a Morena es un buen punto para Evelyn Salgado y Norma Otilia Hern\u00e1ndez.<\/p>\n<p style=\"text-align: justify;\">Muchos critican al ex priista, ex perredista y luego otra vez ex priista, por su maroma hacia el morenismo.<\/p>\n<p style=\"text-align: justify;\">Yo igual, porque antes habl\u00f3 pestes de Morena, incluso del preciso de esta fuerte tribu nacional, AMLO.<\/p>\n<p style=\"text-align: justify;\">Me queda claro que aqu\u00ed falt\u00f3 operaci\u00f3n de parte del PRI para retenerlo, o que sus pretensiones para quedarse fueron muy altas.<\/p>\n<p style=\"text-align: justify;\">Lo que s\u00ed es un hecho es que nadie le rob\u00f3 la candidatura para la Alcald\u00eda de Chilpancingo en la Alianza PRI-PRD.<\/p>\n<p style=\"text-align: justify;\">\u00c9l y todo mundo sab\u00edan que esa definici\u00f3n depend\u00eda del acuerdo de la Alianza para designar al candidato a la Alcald\u00eda de Acapulco.<\/p>\n<p style=\"text-align: justify;\">Si esa candidatura era para el PRI, como sucedi\u00f3, la de Chilpancingo ten\u00eda que ser para un perredista, y en este caso fue para Alejandro Arcos Catal\u00e1n. As\u00ed se simple.<\/p>\n<p style=\"text-align: justify;\">Se comprende el enojo de JSP, y solo el tiempo le dar\u00e1 o no la raz\u00f3n en esta su maroma hacia el morenismo.<\/p>\n<p style=\"text-align: justify;\">Conozco a varios, quiz\u00e1 a muchos, de los que han hecho equipo con JSP, y algunos ya me adelantaron que no lo seguir\u00e1n en esta aventura pol\u00edtica.a<\/p>\n<p style=\"text-align: justify;\">Incluso me aseguraron que, de ser necesario, fijar\u00e1n un posicionamiento p\u00fablico para deslindarse de la maroma de JSP hacia Morena.<\/p>\n<p style=\"text-align: justify;\">No est\u00e1n de acuerdo con su decisi\u00f3n y, me recalcaron, no la consult\u00f3 abiertamente con todos los que le han acompa\u00f1ado en su traves\u00eda pol\u00edtica.<\/p>\n<p style=\"text-align: justify;\">Les puedo asegurar que en varia colonias de Chilpancingo, donde JSP tiene partidarios, al conocerse su maroma hacia Morena, se convoc\u00f3 a reuniones vecinales para aclarar que en esta no lo seguir\u00e1n.<\/p>\n<p style=\"text-align: justify;\">Por eso se\u00f1alo que fue un buen golpe medi\u00e1tico a favor de Morena, pero en los hechos es algo muy diferente.<\/p>\n","protected":false},"excerpt":{"rendered":"<p>Un Rapid\u00edn ] Con \u00c1ngel Irra Carceda. No se puede negar que el brinco de Jorge Salgado Parra a Morena es un buen punto para Evelyn Salgado y Norma Otilia Hern\u00e1ndez. Muchos critican al ex priista, ex perredista y luego otra vez ex priista, por su maroma hacia el morenismo. Yo igual, porque antes habl\u00f3&#8230;<\/p>\n","protected":false},"author":2,"featured_media":1226720,"comment_status":"closed","ping_status":"closed","sticky":false,"template":"","format":"standard","meta":{"footnotes":""},"categories":[2071,1991],"tags":[3938,10931,13297,17511],"class_list":["post-1226719","post","type-post","status-publish","format-standard","has-post-thumbnail","hentry","category-opinion-analisis-columnas","category-libertad-de-expresion","tag-angel-irra-carceda","tag-jorge-salgado-parra","tag-morena","tag-un-rapidin"],"_links":{"self":[{"href":"https:\/\/www.acapulcopress.com\/index.php\/wp-json\/wp\/v2\/posts\/1226719","targetHints":{"allow":["GET"]}}],"collection":[{"href":"https:\/\/www.acapulcopress.com\/index.php\/wp-json\/wp\/v2\/posts"}],"about":[{"href":"https:\/\/www.acapulcopress.com\/index.php\/wp-json\/wp\/v2\/types\/post"}],"author":[{"embeddable":true,"href":"https:\/\/www.acapulcopress.com\/index.php\/wp-json\/wp\/v2\/users\/2"}],"replies":[{"embeddable":true,"href":"https:\/\/www.acapulcopress.com\/index.php\/wp-json\/wp\/v2\/comments?post=1226719"}],"version-history":[{"count":0,"href":"https:\/\/www.acapulcopress.com\/index.php\/wp-json\/wp\/v2\/posts\/1226719\/revisions"}],"wp:featuredmedia":[{"embeddable":true,"href":"https:\/\/www.acapulcopress.com\/index.php\/wp-json\/"}],"wp:attachment":[{"href":"https:\/\/www.acapulcopress.com\/index.php\/wp-json\/wp\/v2\/media?parent=1226719"}],"wp:term":[{"taxonomy":"category","embeddable":true,"href":"https:\/\/www.acapulcopress.com\/index.php\/wp-json\/wp\/v2\/categories?post=1226719"},{"taxonomy":"post_tag","embeddable":true,"href":"https:\/\/www.acapulcopress.com\/index.php\/wp-json\/wp\/v2\/tags?post=1226719"}],"curies":[{"name":"wp","href":"https:\/\/api.w.org\/{rel}","templated":true}]}}