{"id":1226727,"date":"2021-05-06T23:36:17","date_gmt":"2021-05-07T04:36:17","guid":{"rendered":"https:\/\/www.acapulco.press\/?p=1226727"},"modified":"2021-05-06T23:36:17","modified_gmt":"2021-05-07T04:36:17","slug":"henry-carrera-tico-mendoza-mario-romero-y-mas-morenistas-se-suman-a-ricardo-taja-y-mario-moreno","status":"publish","type":"post","link":"https:\/\/www.acapulcopress.com\/index.php\/2021\/05\/06\/henry-carrera-tico-mendoza-mario-romero-y-mas-morenistas-se-suman-a-ricardo-taja-y-mario-moreno\/","title":{"rendered":"Henry Carrera, Tico Mendoza, Mario Romero y m\u00e1s morenistas se suman a Ricardo Taja y Mario Moreno"},"content":{"rendered":"<p style=\"text-align: justify;\">] ACAPULCO. &#8216; 5 de mayo de 2021.<br \/>\n<em>) Especial.<\/em><\/p>\n<p style=\"text-align: justify;\">La excandidata a diputada local por Morena, Ver\u00f3nica Cadena Saligan, se sum\u00f3 con su estructura al proyecto de los <img loading=\"lazy\" decoding=\"async\" class=\"alignleft size-medium wp-image-1226702\" src=\"https:\/\/www.acapulco.press\/wp-content\/uploads\/2021\/05\/TAJA-MORENA4-375x250.jpeg\" alt=\"\" width=\"375\" height=\"250\" \/>candidatos de la coalici\u00f3n PRI-PRD Ricardo Taja Astudillo y Mario Moreno Arcos, as\u00ed como los comediantes Henry Carrera, Tico Mendoza y Mario Romero.<\/p>\n<p style=\"text-align: justify;\">Ver\u00f3nica Cadena dijo que m\u00e1s all\u00e1 de ideolog\u00edas pol\u00edticas los une el rescate de Acapulco y reconoci\u00f3 que Taja es el candidato con propuestas viables para lograrlo.<\/p>\n<p style=\"text-align: justify;\">\u201cEste equipo que hoy se une a Taja ha trabajado por la lucha social por a\u00f1os y Ver\u00f3nica Cadena no se raja y vamos a estar con todo apoy\u00e1ndote en el distrito 6, caminaremos casa por casa para pedir el voto y llevarlos al triunfo\u201d, expres\u00f3.<\/p>\n<p style=\"text-align: justify;\"><img loading=\"lazy\" decoding=\"async\" class=\"alignleft size-medium wp-image-1226703\" src=\"https:\/\/www.acapulco.press\/wp-content\/uploads\/2021\/05\/TAJA-MORENA5-375x250.jpeg\" alt=\"\" width=\"375\" height=\"250\" \/>Acompa\u00f1ado por el candidato a s\u00edndico municipal V\u00edctor Aguirre Alcaide y los candidatos a diputados local y federal Alejandra Aguirre y Jaime Luis Col\u00f3n, Ricardo Taja agradeci\u00f3 a Vero Cadena el haberse sumado a su proyecto y al de Mario Moreno y subray\u00f3 que unidos sacar\u00e1n adelante a Acapulco y a Guerrero.<\/p>\n<p style=\"text-align: justify;\">Taja Ram\u00edrez se comprometi\u00f3 ante las personas de las colonias los Lirios y las Cruces a trabajar duro y pidi\u00f3 confianza y trabajo para poder ser \u00e9l quien saque adelante a Acapulco. \u201cMi compromiso no es con el partido, sino con las familias\u201d, reiter\u00f3.<\/p>\n<p style=\"text-align: justify;\">El candidato de la coalici\u00f3n PRI-PRD se comprometi\u00f3 con los j\u00f3venes deportistas y ni\u00f1os de la colonia a remodelar sus canchas, a llevarles el programa de tortillas gratuitas con la <em>TarjeTaja<\/em>, rescatar el<em> M\u00e1gico Mundo Marino<\/em> y aplicar el <em>Borr\u00f3n y cuenta nueva<\/em> con el agua potable y el predial.<\/p>\n","protected":false},"excerpt":{"rendered":"<p>] ACAPULCO. &#8216; 5 de mayo de 2021. ) Especial. La excandidata a diputada local por Morena, Ver\u00f3nica Cadena Saligan, se sum\u00f3 con su estructura al proyecto de los candidatos de la coalici\u00f3n PRI-PRD Ricardo Taja Astudillo y Mario Moreno Arcos, as\u00ed como los comediantes Henry Carrera, Tico Mendoza y Mario Romero. Ver\u00f3nica Cadena dijo&#8230;<\/p>\n","protected":false},"author":2,"featured_media":1226701,"comment_status":"closed","ping_status":"closed","sticky":false,"template":"","format":"standard","meta":{"footnotes":""},"categories":[2052,18561],"tags":[4823,9751,12305,12685,12693,15605,16995,17197,17793],"class_list":["post-1226727","post","type-post","status-publish","format-standard","has-post-thumbnail","hentry","category-elecciones","category-society-politics","tag-borron-y-cuenta-nueva","tag-henry-carrera","tag-magico-mundo-marino","tag-mario-moreno-arcos","tag-mario-romero","tag-ricardo-taja-astudillo","tag-tarjetaja","tag-tico-mendoza","tag-veronica-cadena-saligan"],"_links":{"self":[{"href":"https:\/\/www.acapulcopress.com\/index.php\/wp-json\/wp\/v2\/posts\/1226727","targetHints":{"allow":["GET"]}}],"collection":[{"href":"https:\/\/www.acapulcopress.com\/index.php\/wp-json\/wp\/v2\/posts"}],"about":[{"href":"https:\/\/www.acapulcopress.com\/index.php\/wp-json\/wp\/v2\/types\/post"}],"author":[{"embeddable":true,"href":"https:\/\/www.acapulcopress.com\/index.php\/wp-json\/wp\/v2\/users\/2"}],"replies":[{"embeddable":true,"href":"https:\/\/www.acapulcopress.com\/index.php\/wp-json\/wp\/v2\/comments?post=1226727"}],"version-history":[{"count":0,"href":"https:\/\/www.acapulcopress.com\/index.php\/wp-json\/wp\/v2\/posts\/1226727\/revisions"}],"wp:featuredmedia":[{"embeddable":true,"href":"https:\/\/www.acapulcopress.com\/index.php\/wp-json\/"}],"wp:attachment":[{"href":"https:\/\/www.acapulcopress.com\/index.php\/wp-json\/wp\/v2\/media?parent=1226727"}],"wp:term":[{"taxonomy":"category","embeddable":true,"href":"https:\/\/www.acapulcopress.com\/index.php\/wp-json\/wp\/v2\/categories?post=1226727"},{"taxonomy":"post_tag","embeddable":true,"href":"https:\/\/www.acapulcopress.com\/index.php\/wp-json\/wp\/v2\/tags?post=1226727"}],"curies":[{"name":"wp","href":"https:\/\/api.w.org\/{rel}","templated":true}]}}