{"id":1226735,"date":"2021-05-06T23:57:27","date_gmt":"2021-05-07T04:57:27","guid":{"rendered":"https:\/\/www.acapulco.press\/?p=1226735"},"modified":"2021-05-06T23:57:27","modified_gmt":"2021-05-07T04:57:27","slug":"ninguna-guerra-sucia-nos-detendra-vamos-a-lograr-el-triunfo-el-6-de-junio-mario-moreno-arcos","status":"publish","type":"post","link":"https:\/\/www.acapulcopress.com\/index.php\/2021\/05\/06\/ninguna-guerra-sucia-nos-detendra-vamos-a-lograr-el-triunfo-el-6-de-junio-mario-moreno-arcos\/","title":{"rendered":"Ninguna guerra sucia nos detendr\u00e1; vamos a lograr el triunfo el 6 de junio | Mario Moreno Arcos"},"content":{"rendered":"<p style=\"text-align: justify;\">] ACAPULCO. &#8216; 5 de mayo de 2021.<br \/>\n<em>) Especial.<\/em><\/p>\n<p style=\"text-align: justify;\">El candidato a gobernador de la alianza PRI-PRD, Mario Moreno Arcos, visit\u00f3 el municipio de Metlat\u00f3noc, donde se <img loading=\"lazy\" decoding=\"async\" class=\"alignleft size-medium wp-image-1226749\" src=\"https:\/\/www.acapulco.press\/wp-content\/uploads\/2021\/05\/MARIO-GUERRE-SUCIA8-375x250.jpeg\" alt=\"\" width=\"375\" height=\"250\" \/>comprometi\u00f3 con los habitantes de \u00e9sta regi\u00f3n de La Monta\u00f1a atender la infraestructura carretera pero tambi\u00e9n a regresar y mejorar los programas sociales que ha cancelado el gobierno federal.<\/p>\n<p style=\"text-align: justify;\">En una gira de trabajo que llev\u00f3 a cabo en estos municipios de la regi\u00f3n de la Monta\u00f1a, Moreno Arcos inform\u00f3 del fuerte impulso que al campo guerrerense dar\u00e1 a su llegada al gobierno de Guerrero; que habr\u00e1 uniformes escolares para todas y todos los ni\u00f1os de Guerrero, adem\u00e1s de pavimentar el camino Cochoapa El Grande-San Lucas.<\/p>\n<p style=\"text-align: justify;\"><img loading=\"lazy\" decoding=\"async\" class=\"alignleft size-medium wp-image-1226736\" src=\"https:\/\/www.acapulco.press\/wp-content\/uploads\/2021\/05\/MARIO-GUERRE-SUCIA-375x250.jpeg\" alt=\"\" width=\"375\" height=\"250\" \/>\u201cHoy el gobierno federal, el partido de enfrente ha cancelado todos los programas como el seguro popular, comedores comunitarios y no le dio fertilizante a todos. Por ello mi compromiso es que lo que Morena les quit\u00f3, Moreno se los va a regresar\u201d, asever\u00f3.<\/p>\n<p style=\"text-align: justify;\">El candidato a gobernador se\u00f1al\u00f3 que los de enfrente saben que llevamos la delantera, y no solo en n\u00fameros si no con el cari\u00f1o de la gente\u201d, y subray\u00f3, \u201cque en su desesperaci\u00f3n buscar\u00e1n hacer guerra sucia como acostumbran pero nada nos detendr\u00e1\u201d.<\/p>\n<p style=\"text-align: justify;\"><img loading=\"lazy\" decoding=\"async\" class=\"alignleft size-medium wp-image-1226743\" src=\"https:\/\/www.acapulco.press\/wp-content\/uploads\/2021\/05\/MARIO-GUERRE-SUCIA2-375x250.jpeg\" alt=\"\" width=\"375\" height=\"250\" \/>Hizo el llamado a sus compa\u00f1eros del PRD y del PRI, candidatos a las presidencias municipales y a las diputaciones locales y federales, a que se siga adelante con una campa\u00f1a cercana y de propuestas.<\/p>\n<p style=\"text-align: justify;\">\u201cRecordemos algo, nadie ataca al que va perdiendo, quien va ganando se concentra en proponer, \u00a1Por qu\u00e9 As\u00ed gana Guerrero!\u201d resalt\u00f3 el candidato Mario Moreno.<\/p>\n<p style=\"text-align: justify;\">Record\u00f3 que estamos a un mes del d\u00eda de la elecci\u00f3n que ser\u00e1 el domingo 6 de junio: \u201ccaminamos a paso firme, hoy los guerrerenses nos refrendan su confianza, queremos paz, buscamos un crecimiento en todos los sentidos, un gobierno responsable y por ello vamos a ganar ese d\u00eda\u201d.<\/p>\n<p style=\"text-align: justify;\">Invit\u00f3 a toda la gente a que \u00e9ste 6 de junio \u201csalgan a votar por el proyecto que da certeza, por el proyecto que nos har\u00e1 tener una mejor calidad de vida\u201d y darle la espalda aquellos que promueven el odio, el divisionismo, el desorden, apunt\u00f3.<\/p>\n<p style=\"text-align: justify;\">A esta gira por La Monta\u00f1a le acompa\u00f1aron Eloy Villanueva Moreno, candidato del PRI a alcalde de Metlat\u00f3noc; Claudia Rosales Guerrero, candidata del PRD a la presidencia de Metlat\u00f3noc; Guadalupe Guzm\u00e1n Cano, candidata de la alianza PRI-PRD del distrito 28 local e Israel Romero Sierra, candidato a diputado federal del distrito 05.<\/p>\n<p style=\"text-align: justify;\"><strong>La Monta\u00f1a reconoce a Mario Moreno Arcos como el mejor para gobernar Guerrero<\/strong><\/p>\n<p style=\"text-align: justify;\">Con el compromiso de impulsar a los j\u00f3venes de Tlapa con cr\u00e9ditos a la palabra para la creaci\u00f3n de microempresas y as\u00ed generen empleo y otorgar seguro m\u00e9dico y de vida a los transportistas, el candidato a gobernador, Mario Moreno Arcos, visit\u00f3 la ciudad de Tlapa arropado por miles de priistas y perredistas de La Monta\u00f1a.<\/p>\n<p style=\"text-align: justify;\"><img loading=\"lazy\" decoding=\"async\" class=\"alignleft size-medium wp-image-1226811\" src=\"https:\/\/www.acapulco.press\/wp-content\/uploads\/2021\/05\/MARIO-MONTANA31-375x250.jpeg\" alt=\"\" width=\"375\" height=\"250\" \/>Moreno Arcos llev\u00f3 a cabo una exitosa gira de trabajo en el llamado \u201ccoraz\u00f3n de La Monta\u00f1a\u201d, donde anunci\u00f3 que continuar\u00e1 el trabajo hecho por el gobernador del estado, H\u00e9ctor Astudillo Flores, en el libramiento de Tlapa, \u201csi mi amigo el gobernador le ech\u00f3 todo este tramo, ni modo que yo no me chute otro pedazo\u201d, les dijo.<\/p>\n<p style=\"text-align: justify;\">La propuesta para los j\u00f3venes fue impulsarlos para que tengan una mejor educaci\u00f3n y sean ellos los especialistas que requiere el hospital de especialidades que dijo, habr\u00e1 de construir durante su gobierno; adem\u00e1s de fortalecer el impulso al deporte y anunci\u00f3 que junto construir\u00e1n <img loading=\"lazy\" decoding=\"async\" class=\"alignleft size-medium wp-image-1226804\" src=\"https:\/\/www.acapulco.press\/wp-content\/uploads\/2021\/05\/MARIO-MONTANA40-375x211.jpeg\" alt=\"\" width=\"375\" height=\"211\" \/>comedores y una casa para estudiantes \u201cjuntos con Gilberto Solano vamos a impulsarlos\u201d.<\/p>\n<p style=\"text-align: justify;\">Ya en el libramiento de Tlapa, lo esperaban miles de transportistas que recibieron el anuncio de la creaci\u00f3n del Instituto del Transporte o la Secretar\u00eda del Transporte y Movilidad para que por medio de \u00e9ste se otorgue el seguro m\u00e9dico y de vida para todos los transportistas del estado.<\/p>\n<p style=\"text-align: justify;\">\u201cPor medio de una paraestatal todo el recurso que ingrese de los impuestos, se va a ir directamente para ustedes los transportistas y bajaremos los impuestos de regulaci\u00f3n que tienen que pagar a\u00f1o con a\u00f1o\u201d.<\/p>\n<p style=\"text-align: justify;\">En un tercer evento en esta ciudad, sostuvo un encuentro con la estructura del PRD, ah\u00ed, les dijo que habr\u00e1n de impulsarse proyectos cancelados por el gobierno federal, \u201cporque lo que les quit\u00f3 Morena, Moreno se los va a regresar\u201d.<\/p>\n<p style=\"text-align: justify;\">A estos eventos acudieron, el candidato a alcalde de Tlapa por la coalici\u00f3n PRI-PRD, Gilberto Solano Arriaga; los candidatos a diputados local y federal, Rosalinda Mata Saucedo del 17; Guadalupe Guzm\u00e1n Cano del 18 y por el 05 federal, Israel Romero Sierra.<\/p>\n","protected":false},"excerpt":{"rendered":"<p>] ACAPULCO. &#8216; 5 de mayo de 2021. ) Especial. El candidato a gobernador de la alianza PRI-PRD, Mario Moreno Arcos, visit\u00f3 el municipio de Metlat\u00f3noc, donde se comprometi\u00f3 con los habitantes de \u00e9sta regi\u00f3n de La Monta\u00f1a atender la infraestructura carretera pero tambi\u00e9n a regresar y mejorar los programas sociales que ha cancelado el&#8230;<\/p>\n","protected":false},"author":2,"featured_media":1226746,"comment_status":"closed","ping_status":"closed","sticky":false,"template":"","format":"standard","meta":{"footnotes":""},"categories":[2052,18561],"tags":[2914,5941,12685],"class_list":["post-1226735","post","type-post","status-publish","format-standard","has-post-thumbnail","hentry","category-elecciones","category-society-politics","tag-vaxguerrero","tag-coalicion-pri-prd-eleccion-guerrero-2021","tag-mario-moreno-arcos"],"_links":{"self":[{"href":"https:\/\/www.acapulcopress.com\/index.php\/wp-json\/wp\/v2\/posts\/1226735","targetHints":{"allow":["GET"]}}],"collection":[{"href":"https:\/\/www.acapulcopress.com\/index.php\/wp-json\/wp\/v2\/posts"}],"about":[{"href":"https:\/\/www.acapulcopress.com\/index.php\/wp-json\/wp\/v2\/types\/post"}],"author":[{"embeddable":true,"href":"https:\/\/www.acapulcopress.com\/index.php\/wp-json\/wp\/v2\/users\/2"}],"replies":[{"embeddable":true,"href":"https:\/\/www.acapulcopress.com\/index.php\/wp-json\/wp\/v2\/comments?post=1226735"}],"version-history":[{"count":0,"href":"https:\/\/www.acapulcopress.com\/index.php\/wp-json\/wp\/v2\/posts\/1226735\/revisions"}],"wp:featuredmedia":[{"embeddable":true,"href":"https:\/\/www.acapulcopress.com\/index.php\/wp-json\/"}],"wp:attachment":[{"href":"https:\/\/www.acapulcopress.com\/index.php\/wp-json\/wp\/v2\/media?parent=1226735"}],"wp:term":[{"taxonomy":"category","embeddable":true,"href":"https:\/\/www.acapulcopress.com\/index.php\/wp-json\/wp\/v2\/categories?post=1226735"},{"taxonomy":"post_tag","embeddable":true,"href":"https:\/\/www.acapulcopress.com\/index.php\/wp-json\/wp\/v2\/tags?post=1226735"}],"curies":[{"name":"wp","href":"https:\/\/api.w.org\/{rel}","templated":true}]}}