{"id":1226813,"date":"2021-05-07T14:20:55","date_gmt":"2021-05-07T19:20:55","guid":{"rendered":"https:\/\/www.acapulco.press\/?p=1226813"},"modified":"2021-05-07T14:20:55","modified_gmt":"2021-05-07T19:20:55","slug":"acepta-amlo-atender-en-conjunto-con-estados-unidos-causas-del-fenomeno-migratorio","status":"publish","type":"post","link":"https:\/\/www.acapulcopress.com\/index.php\/2021\/05\/07\/acepta-amlo-atender-en-conjunto-con-estados-unidos-causas-del-fenomeno-migratorio\/","title":{"rendered":"Acepta AMLO atender, junto con Estados Unidos, causas del fen\u00f3meno migratorio"},"content":{"rendered":"<p style=\"text-align: justify;\">] PALACIO NACIONAL. &#8216; 7 de mayo de 2021.<br \/>\n<em>) Gobierno de M\u00e9xico.<\/em><\/p>\n<p style=\"text-align: justify;\">El presidente Andr\u00e9s Manuel L\u00f3pez Obrador se reuni\u00f3 en videoconferencia con la vicepresidenta de Estados Unidos, Kamala Harris.<\/p>\n<p style=\"text-align: justify;\">El fen\u00f3meno migratorio fue uno de los temas principales en el encuentro a distancia. Ambos coincidieron en la necesidad de abordar las causas para atender esta situaci\u00f3n.<\/p>\n<p style=\"text-align: justify;\">El jefe del Ejecutivo expres\u00f3 su disposici\u00f3n a trabajar de manera conjunta para hacer frente a la migraci\u00f3n.<\/p>\n<p style=\"text-align: justify;\">\u201cEstamos comprometidos a trabajar juntos para buscar medidas eficaces, humanas y justas al fen\u00f3meno migratorio\u201d, subray\u00f3 en un mensaje en sus redes sociales tras el encuentro virtual.<\/p>\n<p style=\"text-align: justify;\">El mandatario reafirm\u00f3 el ofrecimiento del Gobierno de M\u00e9xico para contribuir a partir de la implementaci\u00f3n de los programas sociales Sembrando Vida y J\u00f3venes Construyendo el Futuro en el sureste de M\u00e9xico y en Guatemala, Honduras y El Salvador a fin de generar empleos e impulsar el bienestar.<\/p>\n<p style=\"text-align: justify;\">La vicepresidenta dijo a su vez que se tratar\u00e1 la migraci\u00f3n \u201cde forma com\u00fan y de forma internacional para trabajar con nuestros aliados, con otros pa\u00edses en el mundo para abordar las causas y esto tenemos que hacerlo de manera integral\u201d.<\/p>\n<p style=\"text-align: justify;\">Acompa\u00f1aron al presidente L\u00f3pez Obrador en esta reuni\u00f3n, las y los secretarias de Econom\u00eda, Tatiana Clouthier Carrillo; de Medio Ambiente y Recursos Naturales, Mar\u00eda Luisa Albores Gonz\u00e1lez; de Relaciones Exteriores, Marcelo Ebrard Casaubon; de Bienestar, Javier May Rodr\u00edguez; la subsecretaria de Asuntos Multilaterales y Derechos Humanos de la SRE, Martha Delgado Peralta; el embajador de M\u00e9xico en EUA, Esteban Moctezuma Barrag\u00e1n; el comisionado del Instituto Nacional de Migraci\u00f3n, Francisco Gardu\u00f1o Y\u00e1\u00f1ez y el director general para Am\u00e9rica del Norte de la SRE, Roberto Velasco \u00c1lvarez.<\/p>\n<p style=\"text-align: justify;\">Por parte de Estados Unidos, la comitiva de la vicepresidenta estuvo integrada por la asistente del presidente y jefa de gabinete de la vicepresidenta, Tina Flournoy; la asistente del presidente y asesora de la vicepresidenta, Nancy McEldowney; el encargado de negocios de la Embajada de Estados Unidos en M\u00e9xico, John Creamer; la subsecretaria de Estado adjunta para Asuntos del Hemisferio Occidental, Julie Chung; el asistente especial del presidente y director senior del Hemisferio Occidental de la Casa Blanca, Juan Gonz\u00e1lez; el subsecretario adjunto para el Hemisferio Occidental en el Departamento de Comercio, Ian Saunders; la asesora senior de Migraci\u00f3n en la Casa Blanca, Amy Pope; la directora senior transfronteriza de la Casa Blanca, Katie Tobin; la asesora para el Hemisferio Occidental, Hillary Quam y la asesora senior para M\u00e9xico y el Tri\u00e1ngulo del Norte, Kelly Keiderling.<\/p>\n","protected":false},"excerpt":{"rendered":"<p>] PALACIO NACIONAL. &#8216; 7 de mayo de 2021. ) Gobierno de M\u00e9xico. El presidente Andr\u00e9s Manuel L\u00f3pez Obrador se reuni\u00f3 en videoconferencia con la vicepresidenta de Estados Unidos, Kamala Harris. El fen\u00f3meno migratorio fue uno de los temas principales en el encuentro a distancia. Ambos coincidieron en la necesidad de abordar las causas para&#8230;<\/p>\n","protected":false},"author":2,"featured_media":1226814,"comment_status":"closed","ping_status":"closed","sticky":false,"template":"","format":"standard","meta":{"footnotes":""},"categories":[1969],"tags":[3793,11387,13079],"class_list":["post-1226813","post","type-post","status-publish","format-standard","has-post-thumbnail","hentry","category-trending","tag-amlo","tag-kamala-harris","tag-migracion-2"],"_links":{"self":[{"href":"https:\/\/www.acapulcopress.com\/index.php\/wp-json\/wp\/v2\/posts\/1226813","targetHints":{"allow":["GET"]}}],"collection":[{"href":"https:\/\/www.acapulcopress.com\/index.php\/wp-json\/wp\/v2\/posts"}],"about":[{"href":"https:\/\/www.acapulcopress.com\/index.php\/wp-json\/wp\/v2\/types\/post"}],"author":[{"embeddable":true,"href":"https:\/\/www.acapulcopress.com\/index.php\/wp-json\/wp\/v2\/users\/2"}],"replies":[{"embeddable":true,"href":"https:\/\/www.acapulcopress.com\/index.php\/wp-json\/wp\/v2\/comments?post=1226813"}],"version-history":[{"count":0,"href":"https:\/\/www.acapulcopress.com\/index.php\/wp-json\/wp\/v2\/posts\/1226813\/revisions"}],"wp:featuredmedia":[{"embeddable":true,"href":"https:\/\/www.acapulcopress.com\/index.php\/wp-json\/"}],"wp:attachment":[{"href":"https:\/\/www.acapulcopress.com\/index.php\/wp-json\/wp\/v2\/media?parent=1226813"}],"wp:term":[{"taxonomy":"category","embeddable":true,"href":"https:\/\/www.acapulcopress.com\/index.php\/wp-json\/wp\/v2\/categories?post=1226813"},{"taxonomy":"post_tag","embeddable":true,"href":"https:\/\/www.acapulcopress.com\/index.php\/wp-json\/wp\/v2\/tags?post=1226813"}],"curies":[{"name":"wp","href":"https:\/\/api.w.org\/{rel}","templated":true}]}}