{"id":1226821,"date":"2021-05-07T14:42:52","date_gmt":"2021-05-07T19:42:52","guid":{"rendered":"https:\/\/www.acapulco.press\/?p=1226821"},"modified":"2021-05-07T14:42:52","modified_gmt":"2021-05-07T19:42:52","slug":"capturan-alcaldesa-de-morena-vinculada-a-desaparicion-de-una-activista","status":"publish","type":"post","link":"https:\/\/www.acapulcopress.com\/index.php\/2021\/05\/07\/capturan-alcaldesa-de-morena-vinculada-a-desaparicion-de-una-activista\/","title":{"rendered":"Capturan alcaldesa de Morena vinculada a desaparici\u00f3n de una activista"},"content":{"rendered":"<div class=\"kvgmc6g5 cxmmr5t8 oygrvhab hcukyx3x c1et5uql ii04i59q\">\n<div dir=\"auto\">\n<p style=\"text-align: justify;\">\u00bb Redacci\u00f3n.<br \/>\n] OAXACA. &#8216; 7 de mayo de 2021.<br \/>\n<em>)<a href=\"https:\/\/politica.expansion.mx\/estados\/2021\/05\/07\/edil-de-morena-en-nochixtlan-es-detenida-por-presunta-desaparicion-de-activista\" target=\"_blank\" rel=\"noopener\"> Expansi\u00f3n<\/a>.<\/em><\/p>\n<p style=\"text-align: justify;\">Este viernes fue aprehendida por la Fiscal\u00eda General de Oaxaca la alcaldesa en reeleci\u00f3n del municipio de Asunci\u00f3n Nochixtl\u00e1n, Lizbeth Victoria Huerta, vinculada a la desaparici\u00f3n de la activista Claudia Uruchurtu Cruz, quien fue reportada como desaparecida desde el 26 de marzo pasado en el palacio municipal donde despacha la presidenta morenista, la cual hab\u00eda sido denunciada por la desaparecida ante el gobierno estatal por \u00abpresunto desv\u00edo de recursos\u00bb del municipio.<\/p>\n<p style=\"text-align: justify;\"><img loading=\"lazy\" decoding=\"async\" class=\"alignleft size-medium wp-image-1226831\" src=\"https:\/\/www.acapulco.press\/wp-content\/uploads\/2021\/05\/FGEO-375x485.jpg\" alt=\"\" width=\"375\" height=\"485\" \/>La Fiscal\u00eda General de Justicia de Oaxaca ejecut\u00f3 una orden de aprehensi\u00f3n y detuvo a Lizbeth Victoria Huerta, presidenta municipal de Asunci\u00f3n Nochixtl\u00e1n, por su probable responsabilidad en la desaparici\u00f3n forzada de la activista mexico-inglesa Claudia Uruchurtu Cruz.<\/p>\n<p style=\"text-align: justify;\">De acuerdo a un comunicado de la dependencia de procuraci\u00f3n de justicia en Oaxaca, junto a la alcadesa tambi\u00e9n fueron detenidos dos colaboradores de la autoridad municipal.<\/p>\n<p style=\"text-align: justify;\">Lo anterior al estar probablemente relacionadas con el delito de desaparici\u00f3n forzada de la ciudadana C. U. C., ocurrida en marzo de 2021, en Asunci\u00f3n Nochixtl\u00e1n, en la regi\u00f3n de la Mixteca, precis\u00f3 la Fiscal\u00eda de Oaxaca.<\/p>\n<p style=\"text-align: justify;\">Entre las personas capturadas la madrugada de hoy en coordinaci\u00f3n con la Sedena se encuentra una persona del sexo femenino identificada como L. V. H. y as\u00ed como dos hombres identificados como J. R. M. M. y J. A. H. M.<\/p>\n<p style=\"text-align: justify;\">De acuerdo con los hechos asentados en la causa penal 203\/2021, el pasado 26 de marzo de 2021, la v\u00edctima C. U. C. fue vista por \u00faltima vez en inmediaciones del palacio municipal de Asunci\u00f3n Nochixtl\u00e1n, luego de participar en una manifestaci\u00f3n, detalla la dependencia.<\/p>\n<p style=\"text-align: justify;\">Uruchurtu Cruz hab\u00eda encabezado protestas en contra de la hoy candidata que buscaba la reelecci\u00f3n en Asunci\u00f3n Nochixtl\u00e1n, al denunciar presuntos actos de corrupci\u00f3n y malversaci\u00f3n de recursos p\u00fablicos.<\/p>\n<p style=\"text-align: justify;\">Tras la desaparici\u00f3n de la activista, los familiares solicitaron la intervenci\u00f3n del gobierno brit\u00e1nico para agilizar su b\u00fasqueda, quien a su vez solicitaron al gobierno mexicano su b\u00fasqueda y localizaci\u00f3n urgente.<\/p>\n<\/div>\n<\/div>\n","protected":false},"excerpt":{"rendered":"<p>\u00bb Redacci\u00f3n. ] OAXACA. &#8216; 7 de mayo de 2021. ) Expansi\u00f3n. Este viernes fue aprehendida por la Fiscal\u00eda General de Oaxaca la alcaldesa en reeleci\u00f3n del municipio de Asunci\u00f3n Nochixtl\u00e1n, Lizbeth Victoria Huerta, vinculada a la desaparici\u00f3n de la activista Claudia Uruchurtu Cruz, quien fue reportada como desaparecida desde el 26 de marzo pasado&#8230;<\/p>\n","protected":false},"author":2,"featured_media":1226822,"comment_status":"closed","ping_status":"closed","sticky":false,"template":"","format":"standard","meta":{"footnotes":""},"categories":[1969,2053,1972],"tags":[4339,12017],"class_list":["post-1226821","post","type-post","status-publish","format-standard","has-post-thumbnail","hentry","category-trending","category-elecciones-special","category-special","tag-asuncion-nochixtlan","tag-lizbeth-victoria-huerta"],"_links":{"self":[{"href":"https:\/\/www.acapulcopress.com\/index.php\/wp-json\/wp\/v2\/posts\/1226821","targetHints":{"allow":["GET"]}}],"collection":[{"href":"https:\/\/www.acapulcopress.com\/index.php\/wp-json\/wp\/v2\/posts"}],"about":[{"href":"https:\/\/www.acapulcopress.com\/index.php\/wp-json\/wp\/v2\/types\/post"}],"author":[{"embeddable":true,"href":"https:\/\/www.acapulcopress.com\/index.php\/wp-json\/wp\/v2\/users\/2"}],"replies":[{"embeddable":true,"href":"https:\/\/www.acapulcopress.com\/index.php\/wp-json\/wp\/v2\/comments?post=1226821"}],"version-history":[{"count":0,"href":"https:\/\/www.acapulcopress.com\/index.php\/wp-json\/wp\/v2\/posts\/1226821\/revisions"}],"wp:featuredmedia":[{"embeddable":true,"href":"https:\/\/www.acapulcopress.com\/index.php\/wp-json\/"}],"wp:attachment":[{"href":"https:\/\/www.acapulcopress.com\/index.php\/wp-json\/wp\/v2\/media?parent=1226821"}],"wp:term":[{"taxonomy":"category","embeddable":true,"href":"https:\/\/www.acapulcopress.com\/index.php\/wp-json\/wp\/v2\/categories?post=1226821"},{"taxonomy":"post_tag","embeddable":true,"href":"https:\/\/www.acapulcopress.com\/index.php\/wp-json\/wp\/v2\/tags?post=1226821"}],"curies":[{"name":"wp","href":"https:\/\/api.w.org\/{rel}","templated":true}]}}