{"id":1226834,"date":"2021-05-07T19:18:05","date_gmt":"2021-05-08T00:18:05","guid":{"rendered":"https:\/\/www.acapulco.press\/?p=1226834"},"modified":"2021-05-07T19:18:05","modified_gmt":"2021-05-08T00:18:05","slug":"afinan-coordinacion-de-vigilancia-electoral-fedegro-ine-tsj-y-fgr","status":"publish","type":"post","link":"https:\/\/www.acapulcopress.com\/index.php\/2021\/05\/07\/afinan-coordinacion-de-vigilancia-electoral-fedegro-ine-tsj-y-fgr\/","title":{"rendered":"Afinan coordinaci\u00f3n de vigilancia electoral FEDEGro, INE, TSJ y FGR"},"content":{"rendered":"<p style=\"text-align: justify;\">] CHILPANCNINGO. &#8216; 7 de mayo de 2021.<br \/>\n<em>) <a href=\"https:\/\/fiscaliaguerrero.gob.mx\" target=\"_blank\" rel=\"noopener\">https:\/\/fiscaliaguerrero.gob.mx<\/a>.<\/em><\/p>\n<p style=\"text-align: justify;\">Con la finalidad de estrechar una coordinaci\u00f3n interinstitucional para el proceso electoral 2020-2021 en Guerrero, el Fiscal Especializado de Delitos Electorales, Roberto Rodr\u00edguez Salda\u00f1a se reuni\u00f3 con representantes del Instituto Nacional Electoral (INE), Tribunal Superior de Justicia (TSJ) y la Fiscal\u00eda Especializada de Delitos Electorales de la Fiscal\u00eda General de la Rep\u00fablica.<\/p>\n<p style=\"text-align: justify;\">En el encuentro, Rodr\u00edguez Salda\u00f1a manifest\u00f3 que es positivo conjuntar acciones entre instituciones y greg\u00f3 que la FEDE-GRO, junto con el IEPC, el INE, el Tribunal Superior de Justicia, la FEDE de la FGR y el Tribunal Electoral del Estado, adem\u00e1s de trabajar en este proceso electoral, atender\u00e1n la elecci\u00f3n del Consejo Ciudadano del municipio de Ayutla de los Libres, programado para el 23 de mayo de 2021, porque, aunque se trate de una elecci\u00f3n por usos y costumbres, tambi\u00e9n se elegir\u00e1n a los diputados federales y locales.<\/p>\n<p style=\"text-align: justify;\">Expres\u00f3 que el Fiscal General del Estado, Jorge Zuriel de los Santos Barrila, ha instruido a Fiscales Regionales, Agentes del Ministerio P\u00fablico y Agentes de la Polic\u00eda Investigadora Ministerial, a coadyuvar en el trabajo que realiza la Fiscal\u00eda Electoral de Guerrero en la recepci\u00f3n de denuncias y su investigaci\u00f3n por delitos electorales, aunado a que la FEDE-GRO tambi\u00e9n desplegar\u00e1 a Agentes del Ministerio P\u00fablico Electorales en las diferentes regiones de la entidad.<\/p>\n<p style=\"text-align: justify;\">Durante la reuni\u00f3n, el titular de FEDE-GRO inform\u00f3 sobre la capacitaci\u00f3n permanente en materia de prevenci\u00f3n y denuncia de los delitos electorales; llevando hasta el momento un 99% de servidores p\u00fablicos del poder Ejecutivo estatal, 55% en ayuntamientos, un 100% de los representantes de los partidos pol\u00edticos y se atiende a \u00f3rganos aut\u00f3nomos, instituciones educativas, organizaciones civiles y medios de comunicaci\u00f3n.<\/p>\n<p style=\"text-align: justify;\">Teniendo presente una campa\u00f1a de difusi\u00f3n de los delitos electorales a trav\u00e9s de microperforados colocados en el transporte p\u00fablico y la instalaci\u00f3n de publicidad en espectaculares, en los diferentes municipios.<\/p>\n<p style=\"text-align: justify;\">Finalmente, el Fiscal Electoral, Roberto Rodr\u00edguez Salda\u00f1a, agradeci\u00f3 al Vocal Ejecutivo del INE en Guerrero, Dagoberto Santos Trigo, al Magistrado del Tribunal Superior de Justicia, Julio Lorenzo J\u00e1uregui Garc\u00eda y a los representantes de la FEDE de la Fiscal\u00eda General de la Rep\u00fablica, Mario Alejandro Res\u00e9ndiz M\u00e9ndez, Mar\u00eda Teresa Vega D\u00edaz y Jos\u00e9 Heriberto P\u00e9rez Islas, por sumarse a esta iniciativa de trabajar de manera interinstitucional, con el prop\u00f3sito de garantizar que la elecci\u00f3n del 6 de junio de 2021, sea democr\u00e1tica y se desarrolle en plena tranquilidad.<\/p>\n","protected":false},"excerpt":{"rendered":"<p>] CHILPANCNINGO. &#8216; 7 de mayo de 2021. ) https:\/\/fiscaliaguerrero.gob.mx. Con la finalidad de estrechar una coordinaci\u00f3n interinstitucional para el proceso electoral 2020-2021 en Guerrero, el Fiscal Especializado de Delitos Electorales, Roberto Rodr\u00edguez Salda\u00f1a se reuni\u00f3 con representantes del Instituto Nacional Electoral (INE), Tribunal Superior de Justicia (TSJ) y la Fiscal\u00eda Especializada de Delitos Electorales&#8230;<\/p>\n","protected":false},"author":2,"featured_media":1226835,"comment_status":"closed","ping_status":"closed","sticky":false,"template":"","format":"standard","meta":{"footnotes":""},"categories":[2052,18561],"tags":[8654,10337,15690,17399],"class_list":["post-1226834","post","type-post","status-publish","format-standard","has-post-thumbnail","hentry","category-elecciones","category-society-politics","tag-fiscal-especializado-de-delitos-electorales-fedegro","tag-instituto-nacional-electoral-ine","tag-roberto-rodriguez-saldana","tag-tribunal-superior-de-justicia-tsj"],"_links":{"self":[{"href":"https:\/\/www.acapulcopress.com\/index.php\/wp-json\/wp\/v2\/posts\/1226834","targetHints":{"allow":["GET"]}}],"collection":[{"href":"https:\/\/www.acapulcopress.com\/index.php\/wp-json\/wp\/v2\/posts"}],"about":[{"href":"https:\/\/www.acapulcopress.com\/index.php\/wp-json\/wp\/v2\/types\/post"}],"author":[{"embeddable":true,"href":"https:\/\/www.acapulcopress.com\/index.php\/wp-json\/wp\/v2\/users\/2"}],"replies":[{"embeddable":true,"href":"https:\/\/www.acapulcopress.com\/index.php\/wp-json\/wp\/v2\/comments?post=1226834"}],"version-history":[{"count":0,"href":"https:\/\/www.acapulcopress.com\/index.php\/wp-json\/wp\/v2\/posts\/1226834\/revisions"}],"wp:featuredmedia":[{"embeddable":true,"href":"https:\/\/www.acapulcopress.com\/index.php\/wp-json\/"}],"wp:attachment":[{"href":"https:\/\/www.acapulcopress.com\/index.php\/wp-json\/wp\/v2\/media?parent=1226834"}],"wp:term":[{"taxonomy":"category","embeddable":true,"href":"https:\/\/www.acapulcopress.com\/index.php\/wp-json\/wp\/v2\/categories?post=1226834"},{"taxonomy":"post_tag","embeddable":true,"href":"https:\/\/www.acapulcopress.com\/index.php\/wp-json\/wp\/v2\/tags?post=1226834"}],"curies":[{"name":"wp","href":"https:\/\/api.w.org\/{rel}","templated":true}]}}