{"id":1226840,"date":"2021-05-07T19:29:39","date_gmt":"2021-05-08T00:29:39","guid":{"rendered":"https:\/\/www.acapulco.press\/?p=1226840"},"modified":"2021-05-07T19:29:39","modified_gmt":"2021-05-08T00:29:39","slug":"fge-gobierno-estatal-sedena-y-pe-reforzaran-acciones-contra-la-delincuencia","status":"publish","type":"post","link":"https:\/\/www.acapulcopress.com\/index.php\/2021\/05\/07\/fge-gobierno-estatal-sedena-y-pe-reforzaran-acciones-contra-la-delincuencia\/","title":{"rendered":"FGE, Gobierno estatal, Sedena y PE reforzar\u00e1n acciones contra la delincuencia"},"content":{"rendered":"<p>] CHILPANCNINGO. &#8216; 7 de mayo de 2021.<br \/>\n<em>) <a href=\"https:\/\/fiscaliaguerrero.gob.mx\" target=\"_blank\" rel=\"noopener\">https:\/\/fiscaliaguerrero.gob.mx<\/a>.<\/em><\/p>\n<p style=\"text-align: justify;\">Durante la reuni\u00f3n de trabajo de la Mesa Estatal para la Construcci\u00f3n de la Paz, el Gobernador del Estado, H\u00e9ctor Astudillo Flores, se\u00f1al\u00f3 que dieron seguimiento a las incidencias presentadas en Iguala, donde particip\u00f3 el Fiscal General, Jorge Zuriel de los Santos Barrila, el almirante Julio C\u00e9sar Pescina \u00c1vila, comandante de la VIII Regi\u00f3n Naval, el Secretario de Seguridad P\u00fablica Estatal, David Portillo Menchaca y dem\u00e1s representantes de los tres ordenes de gobierno; as\u00ed mismo inform\u00f3 de la reuni\u00f3n extraordinaria realizada ayer jueves con el Mando Especial que Sedena tiene destacamentado en el 27 Batall\u00f3n de Infanter\u00eda de Iguala, en la que se acord\u00f3 reforzar las acciones para combatir la delincuencia.<\/p>\n","protected":false},"excerpt":{"rendered":"<p>] CHILPANCNINGO. &#8216; 7 de mayo de 2021. ) https:\/\/fiscaliaguerrero.gob.mx. Durante la reuni\u00f3n de trabajo de la Mesa Estatal para la Construcci\u00f3n de la Paz, el Gobernador del Estado, H\u00e9ctor Astudillo Flores, se\u00f1al\u00f3 que dieron seguimiento a las incidencias presentadas en Iguala, donde particip\u00f3 el Fiscal General, Jorge Zuriel de los Santos Barrila, el almirante&#8230;<\/p>\n","protected":false},"author":2,"featured_media":1226841,"comment_status":"closed","ping_status":"closed","sticky":false,"template":"","format":"standard","meta":{"footnotes":""},"categories":[18561,2005],"tags":[8682,10946,14737],"class_list":["post-1226840","post","type-post","status-publish","format-standard","has-post-thumbnail","hentry","category-society-politics","category-seguridad-y-justicia","tag-fiscalia-general-de-guerrero-fge","tag-jorge-zuriel-de-los-santos-barrila","tag-policia-ministerial-de-guerrero"],"_links":{"self":[{"href":"https:\/\/www.acapulcopress.com\/index.php\/wp-json\/wp\/v2\/posts\/1226840","targetHints":{"allow":["GET"]}}],"collection":[{"href":"https:\/\/www.acapulcopress.com\/index.php\/wp-json\/wp\/v2\/posts"}],"about":[{"href":"https:\/\/www.acapulcopress.com\/index.php\/wp-json\/wp\/v2\/types\/post"}],"author":[{"embeddable":true,"href":"https:\/\/www.acapulcopress.com\/index.php\/wp-json\/wp\/v2\/users\/2"}],"replies":[{"embeddable":true,"href":"https:\/\/www.acapulcopress.com\/index.php\/wp-json\/wp\/v2\/comments?post=1226840"}],"version-history":[{"count":0,"href":"https:\/\/www.acapulcopress.com\/index.php\/wp-json\/wp\/v2\/posts\/1226840\/revisions"}],"wp:featuredmedia":[{"embeddable":true,"href":"https:\/\/www.acapulcopress.com\/index.php\/wp-json\/"}],"wp:attachment":[{"href":"https:\/\/www.acapulcopress.com\/index.php\/wp-json\/wp\/v2\/media?parent=1226840"}],"wp:term":[{"taxonomy":"category","embeddable":true,"href":"https:\/\/www.acapulcopress.com\/index.php\/wp-json\/wp\/v2\/categories?post=1226840"},{"taxonomy":"post_tag","embeddable":true,"href":"https:\/\/www.acapulcopress.com\/index.php\/wp-json\/wp\/v2\/tags?post=1226840"}],"curies":[{"name":"wp","href":"https:\/\/api.w.org\/{rel}","templated":true}]}}