{"id":1226853,"date":"2021-05-07T20:02:18","date_gmt":"2021-05-08T01:02:18","guid":{"rendered":"https:\/\/www.acapulco.press\/?p=1226853"},"modified":"2021-05-07T20:02:18","modified_gmt":"2021-05-08T01:02:18","slug":"mario-moreno-mi-compromiso-es-con-los-guerrerenses-y-con-la-democracia","status":"publish","type":"post","link":"https:\/\/www.acapulcopress.com\/index.php\/2021\/05\/07\/mario-moreno-mi-compromiso-es-con-los-guerrerenses-y-con-la-democracia\/","title":{"rendered":"Mario Moreno | Mi compromiso es con los guerrerenses y con la democracia"},"content":{"rendered":"<p style=\"text-align: justify;\">] OLINAL\u00c1\/CUALAC. &#8216; 7 de mayo de 2021.<br \/>\n) Especial.<\/p>\n<p style=\"text-align: justify;\">Mario Moreno Arcos, candidato a gobernador de la coalici\u00f3n Va por Guerrero PRI\/PRD, fue arropado por cientos de militantes de ambos partidos en Olinal\u00e1 y Cual\u00e1c, en alegres encuentros en donde cientos de j\u00f3venes le expresaron su respaldo al proyecto que encabeza.<\/p>\n<p>En lo que es el segundo d\u00eda en gira por La Monta\u00f1a, Moreno Arcos hizo compromisos con mujeres, con la juventud y con los campesinos en esta zona en donde anunci\u00f3 la construcci\u00f3n de un hospital b\u00e1sico comunitario en Olinal\u00e1, la conclusi\u00f3n del encauzamiento para aguas residuales, la planta tratadora y la tecnificaci\u00f3n del campo guerrerense, porqu\u00e9 As\u00ed Gana Guerrero.<\/p>\n<p>En ambos municipios, recalc\u00f3 que sin duda alguna siente un gran compromiso por el encargo que habr\u00e1 de asumir a partir de su triunfo el 6 de junio: \u00abGobernar Guerrero es la responsabilidad m\u00e1s grande de mi vida. Estoy preparado para servir a mi estado\u00bb.<\/p>\n<p style=\"text-align: justify;\">En estos dos eventos alert\u00f3 a ciudadanos para que no los sorprendan los de enfrente: \u00abQue no te enga\u00f1en, los programas federales seguir\u00e1n llegando a los guerrerenses porque son tuyos, t\u00fa los pagas con tus impuestos, tambi\u00e9n regresaremos los que les quitaron como son estancias infantiles y medicinas. Mi compromiso es con los guerrerenses y con la democracia\u00bb, apunt\u00f3.<\/p>\n<p>Mrio Moreno Arcos dijo que la apuesta es al futuro y por ello har\u00e1 compromisos con los j\u00f3venes.<\/p>\n<p style=\"text-align: justify;\">Cr\u00e9dito a la palabra para que pongan su primer negocio; espacios p\u00fablicos dignos y unidades deportivas; enganche para tu computadora; cr\u00e9dito para su primer vivienda; beca para transporte a estudiantes.<\/p>\n<p>Programa mi primer empleo. Tarjeta Guerrero joven. Apoyos econ\u00f3micos para elaboraci\u00f3n de tesis; tarjeta prepago de datos por un a\u00f1o a alumnos destacados acad\u00e9micamente. Adem\u00e1s del programa, Cero discriminaci\u00f3n a la juventud.<\/p>\n<p style=\"text-align: justify;\">Ofreci\u00f3 un gobierno serio, responsable y no de ocurrencias, muy cercano a la gente, de atenci\u00f3n directa a las comunidades de Guerrero, que atienda las necesidades de cada una de las regiones, de las microrregiones y de los municipios.<\/p>\n<p>A \u00e9stos eventos acudieron los candidatos a presidentes municipales de Olinal\u00e1, Sa\u00fal Apreza Patr\u00f3n y de Cual\u00e1c, Azael Aburto Ortega; los candidatos a diputados, local por el distrito 27, Rosalinda Mata Salcedo y por el federal Israel Romero Sierra.<\/p>\n<p>Tambi\u00e9n los ex presidentes municipales Eusebio Gonz\u00e1lez, de Olinal\u00e1 y el de Tlalixtaquilla, Sofio Ram\u00edrez Hern\u00e1ndez y el presidente del PRI Estatal, H\u00e9ctor Apreza Patr\u00f3n, adem\u00e1s de los presidentes de los PRI municipales de Olinal\u00e1 y Cual\u00e1c Silvestre Rodr\u00edguez y Coreli Vargas, respectivamente.<\/p>\n","protected":false},"excerpt":{"rendered":"<p>] OLINAL\u00c1\/CUALAC. &#8216; 7 de mayo de 2021. ) Especial. Mario Moreno Arcos, candidato a gobernador de la coalici\u00f3n Va por Guerrero PRI\/PRD, fue arropado por cientos de militantes de ambos partidos en Olinal\u00e1 y Cual\u00e1c, en alegres encuentros en donde cientos de j\u00f3venes le expresaron su respaldo al proyecto que encabeza. En lo que&#8230;<\/p>\n","protected":false},"author":2,"featured_media":1226854,"comment_status":"closed","ping_status":"closed","sticky":false,"template":"","format":"standard","meta":{"footnotes":""},"categories":[2053,1972],"tags":[2914,5941,12685],"class_list":["post-1226853","post","type-post","status-publish","format-standard","has-post-thumbnail","hentry","category-elecciones-special","category-special","tag-vaxguerrero","tag-coalicion-pri-prd-eleccion-guerrero-2021","tag-mario-moreno-arcos"],"_links":{"self":[{"href":"https:\/\/www.acapulcopress.com\/index.php\/wp-json\/wp\/v2\/posts\/1226853","targetHints":{"allow":["GET"]}}],"collection":[{"href":"https:\/\/www.acapulcopress.com\/index.php\/wp-json\/wp\/v2\/posts"}],"about":[{"href":"https:\/\/www.acapulcopress.com\/index.php\/wp-json\/wp\/v2\/types\/post"}],"author":[{"embeddable":true,"href":"https:\/\/www.acapulcopress.com\/index.php\/wp-json\/wp\/v2\/users\/2"}],"replies":[{"embeddable":true,"href":"https:\/\/www.acapulcopress.com\/index.php\/wp-json\/wp\/v2\/comments?post=1226853"}],"version-history":[{"count":0,"href":"https:\/\/www.acapulcopress.com\/index.php\/wp-json\/wp\/v2\/posts\/1226853\/revisions"}],"wp:featuredmedia":[{"embeddable":true,"href":"https:\/\/www.acapulcopress.com\/index.php\/wp-json\/"}],"wp:attachment":[{"href":"https:\/\/www.acapulcopress.com\/index.php\/wp-json\/wp\/v2\/media?parent=1226853"}],"wp:term":[{"taxonomy":"category","embeddable":true,"href":"https:\/\/www.acapulcopress.com\/index.php\/wp-json\/wp\/v2\/categories?post=1226853"},{"taxonomy":"post_tag","embeddable":true,"href":"https:\/\/www.acapulcopress.com\/index.php\/wp-json\/wp\/v2\/tags?post=1226853"}],"curies":[{"name":"wp","href":"https:\/\/api.w.org\/{rel}","templated":true}]}}