{"id":1226883,"date":"2021-05-07T20:42:31","date_gmt":"2021-05-08T01:42:31","guid":{"rendered":"https:\/\/www.acapulco.press\/?p=1226883"},"modified":"2021-05-07T20:42:31","modified_gmt":"2021-05-08T01:42:31","slug":"hector-vicario-y-y-hector-ocampo-trabajan-juntos-por-el-bienestar-de-huitzuco","status":"publish","type":"post","link":"https:\/\/www.acapulcopress.com\/index.php\/2021\/05\/07\/hector-vicario-y-y-hector-ocampo-trabajan-juntos-por-el-bienestar-de-huitzuco\/","title":{"rendered":"H\u00e9ctor Vicario y y H\u00e9ctor Ocampo trabajan juntos por el bienestar de Huitzuco"},"content":{"rendered":"<p><img loading=\"lazy\" decoding=\"async\" class=\"alignnone wp-image-1226885 \" src=\"https:\/\/www.acapulco.press\/wp-content\/uploads\/2021\/05\/vICARIO2-1.jpg\" alt=\"\" width=\"821\" height=\"548\" \/><\/p>\n<p>] HUTZUCO, Gro. &#8216; 7 de mayo de 2021.<br \/>\n) Especial.<\/p>\n<p style=\"text-align: justify;\"><img loading=\"lazy\" decoding=\"async\" class=\"alignleft size-medium wp-image-1226886\" src=\"https:\/\/www.acapulco.press\/wp-content\/uploads\/2021\/05\/vICARIO3-1-375x250.jpg\" alt=\"\" width=\"375\" height=\"250\" \/>\u00abLa militancia del barrio San Bernab\u00e9 tiene todas las ganas y la actitud que caracteriza al PRI, junto a H\u00e9ctor Ocampo, aspirante a presidente municipal, fue un gusto reunirnos y compartir propuestas que impulsar\u00e1n el desarrollo del municipio\u00bb, manifest\u00f3 el candidato a diputado local de la coalici\u00f3n PRI\/PRD por el Distrito 23, H\u00e9ctor Vicario Castrej\u00f3n, quien dijo estar seguro que \u00ab\u00a1Juntos, vamos a ganar este 6 de junio!\u00bb.<\/p>\n<p>#VamosADarle por Huitzuco<\/p>\n","protected":false},"excerpt":{"rendered":"<p>] HUTZUCO, Gro. &#8216; 7 de mayo de 2021. ) Especial. \u00abLa militancia del barrio San Bernab\u00e9 tiene todas las ganas y la actitud que caracteriza al PRI, junto a H\u00e9ctor Ocampo, aspirante a presidente municipal, fue un gusto reunirnos y compartir propuestas que impulsar\u00e1n el desarrollo del municipio\u00bb, manifest\u00f3 el candidato a diputado local&#8230;<\/p>\n","protected":false},"author":2,"featured_media":1226884,"comment_status":"closed","ping_status":"closed","sticky":false,"template":"","format":"standard","meta":{"footnotes":""},"categories":[2052,18561],"tags":[5938,9726,9738],"class_list":["post-1226883","post","type-post","status-publish","format-standard","has-post-thumbnail","hentry","category-elecciones","category-society-politics","tag-coalicion-pri-prd","tag-hector-ocampo","tag-hector-vicario-castrejon"],"_links":{"self":[{"href":"https:\/\/www.acapulcopress.com\/index.php\/wp-json\/wp\/v2\/posts\/1226883","targetHints":{"allow":["GET"]}}],"collection":[{"href":"https:\/\/www.acapulcopress.com\/index.php\/wp-json\/wp\/v2\/posts"}],"about":[{"href":"https:\/\/www.acapulcopress.com\/index.php\/wp-json\/wp\/v2\/types\/post"}],"author":[{"embeddable":true,"href":"https:\/\/www.acapulcopress.com\/index.php\/wp-json\/wp\/v2\/users\/2"}],"replies":[{"embeddable":true,"href":"https:\/\/www.acapulcopress.com\/index.php\/wp-json\/wp\/v2\/comments?post=1226883"}],"version-history":[{"count":0,"href":"https:\/\/www.acapulcopress.com\/index.php\/wp-json\/wp\/v2\/posts\/1226883\/revisions"}],"wp:featuredmedia":[{"embeddable":true,"href":"https:\/\/www.acapulcopress.com\/index.php\/wp-json\/"}],"wp:attachment":[{"href":"https:\/\/www.acapulcopress.com\/index.php\/wp-json\/wp\/v2\/media?parent=1226883"}],"wp:term":[{"taxonomy":"category","embeddable":true,"href":"https:\/\/www.acapulcopress.com\/index.php\/wp-json\/wp\/v2\/categories?post=1226883"},{"taxonomy":"post_tag","embeddable":true,"href":"https:\/\/www.acapulcopress.com\/index.php\/wp-json\/wp\/v2\/tags?post=1226883"}],"curies":[{"name":"wp","href":"https:\/\/api.w.org\/{rel}","templated":true}]}}