{"id":1226892,"date":"2021-05-07T23:15:28","date_gmt":"2021-05-08T04:15:28","guid":{"rendered":"https:\/\/www.acapulco.press\/?p=1226892"},"modified":"2021-05-07T23:15:28","modified_gmt":"2021-05-08T04:15:28","slug":"igor-aguirre-convertira-el-rio-del-camaron-en-un-centro-de-esparcimiento","status":"publish","type":"post","link":"https:\/\/www.acapulcopress.com\/index.php\/2021\/05\/07\/igor-aguirre-convertira-el-rio-del-camaron-en-un-centro-de-esparcimiento\/","title":{"rendered":"Igor Aguirre convertir\u00e1 el R\u00edo del Camar\u00f3n en un centro de esparcimiento"},"content":{"rendered":"<p style=\"text-align: justify;\"><img loading=\"lazy\" decoding=\"async\" class=\"alignnone wp-image-1226895 size-large\" src=\"https:\/\/www.acapulco.press\/wp-content\/uploads\/2021\/05\/IGOR-CAMARON3-4-840x252.jpg\" alt=\"\" width=\"840\" height=\"252\" \/><\/p>\n<p>ACAPULCO. &#8216; 7 de mayo de 2021.<br \/>\n<em>) Especial.<\/em><\/p>\n<p style=\"text-align: justify;\">\u00abLa zona Tradicional es una de las m\u00e1s olvidadas por los gobiernos, misma que le dio el reconocimiento mundial a nuestro puerto, pues en ella brillaban figuras de talla internacional y nacional, por ello hoy presento a mis paisanos acapulque\u00f1os este proyecto, para recuperar los espacios p\u00fablicos olvidados por nuestros gobernantes\u201d, fueron las palabras del candidato del PT a la alcaldia de Acapulco, Igor Aguirre V\u00e1zquez, qui\u00e9n en conferencia de prensa anunci\u00f3 el rescate del R\u00edo del Camar\u00f3n.<\/p>\n<p style=\"text-align: justify;\">El abandera del PT asegur\u00f3 que dicho proyecto est\u00e1 pensado en mejorar la imagen urbana de Acapulco como destino tur\u00edstico, pero adem\u00e1s se podr\u00e1 reactivar la econom\u00eda de esta zona, generar oportunidades, reducir la inseguridad y elevar la plusval\u00eda de la misma, ya que se necesitan m\u00e1s espacios de esparcimiento en el puerto, el cual ha sido olvidado por a\u00f1os.<\/p>\n<p style=\"text-align: justify;\">Igor Aguirre tambi\u00e9n se comprometi\u00f3 a trabajar para encausar las descargas de aguas negras y evitar que lleguen a la bah\u00eda, comenzando la 4ta transformaci\u00f3n, que ha quedado en el olvido de la presente administraci\u00f3n municipal.<\/p>\n<p><img loading=\"lazy\" decoding=\"async\" class=\"alignnone wp-image-1226893 size-large\" src=\"https:\/\/www.acapulco.press\/wp-content\/uploads\/2021\/05\/IGOR-CAMARON-840x840.jpg\" alt=\"\" width=\"840\" height=\"840\" \/><br \/>\n<img loading=\"lazy\" decoding=\"async\" class=\"alignnone wp-image-1226894 size-large\" src=\"https:\/\/www.acapulco.press\/wp-content\/uploads\/2021\/05\/IGOR-CAMARON2-840x840.jpg\" alt=\"\" width=\"840\" height=\"840\" \/><\/p>\n","protected":false},"excerpt":{"rendered":"<p>ACAPULCO. &#8216; 7 de mayo de 2021. ) Especial. \u00abLa zona Tradicional es una de las m\u00e1s olvidadas por los gobiernos, misma que le dio el reconocimiento mundial a nuestro puerto, pues en ella brillaban figuras de talla internacional y nacional, por ello hoy presento a mis paisanos acapulque\u00f1os este proyecto, para recuperar los espacios&#8230;<\/p>\n","protected":false},"author":2,"featured_media":1226896,"comment_status":"closed","ping_status":"closed","sticky":false,"template":"","format":"standard","meta":{"footnotes":""},"categories":[2052,18561],"tags":[10036,14284,15638],"class_list":["post-1226892","post","type-post","status-publish","format-standard","has-post-thumbnail","hentry","category-elecciones","category-society-politics","tag-igor-aguirre-vazquez","tag-partido-del-trabajo-pt","tag-rio-del-camaron"],"_links":{"self":[{"href":"https:\/\/www.acapulcopress.com\/index.php\/wp-json\/wp\/v2\/posts\/1226892","targetHints":{"allow":["GET"]}}],"collection":[{"href":"https:\/\/www.acapulcopress.com\/index.php\/wp-json\/wp\/v2\/posts"}],"about":[{"href":"https:\/\/www.acapulcopress.com\/index.php\/wp-json\/wp\/v2\/types\/post"}],"author":[{"embeddable":true,"href":"https:\/\/www.acapulcopress.com\/index.php\/wp-json\/wp\/v2\/users\/2"}],"replies":[{"embeddable":true,"href":"https:\/\/www.acapulcopress.com\/index.php\/wp-json\/wp\/v2\/comments?post=1226892"}],"version-history":[{"count":0,"href":"https:\/\/www.acapulcopress.com\/index.php\/wp-json\/wp\/v2\/posts\/1226892\/revisions"}],"wp:featuredmedia":[{"embeddable":true,"href":"https:\/\/www.acapulcopress.com\/index.php\/wp-json\/"}],"wp:attachment":[{"href":"https:\/\/www.acapulcopress.com\/index.php\/wp-json\/wp\/v2\/media?parent=1226892"}],"wp:term":[{"taxonomy":"category","embeddable":true,"href":"https:\/\/www.acapulcopress.com\/index.php\/wp-json\/wp\/v2\/categories?post=1226892"},{"taxonomy":"post_tag","embeddable":true,"href":"https:\/\/www.acapulcopress.com\/index.php\/wp-json\/wp\/v2\/tags?post=1226892"}],"curies":[{"name":"wp","href":"https:\/\/api.w.org\/{rel}","templated":true}]}}