{"id":1226917,"date":"2021-05-08T00:19:40","date_gmt":"2021-05-08T05:19:40","guid":{"rendered":"https:\/\/www.acapulco.press\/?p=1226917"},"modified":"2021-05-08T00:19:40","modified_gmt":"2021-05-08T05:19:40","slug":"todo-el-suspeg-acapulco-se-suma-a-taja","status":"publish","type":"post","link":"https:\/\/www.acapulcopress.com\/index.php\/2021\/05\/08\/todo-el-suspeg-acapulco-se-suma-a-taja\/","title":{"rendered":"Todo el SUSPEG Acapulco se suma a #Taja"},"content":{"rendered":"<p style=\"text-align: justify;\">] ACAPULCO. &#8216; 7 de mayo de 2021.<br \/>\n<em>) Especial.<\/em><\/p>\n<p style=\"text-align: justify;\">Los doce secretarios generales del SUSPEG en Acapulco, encabezados por su dirigente estatal David Mart\u00ednez <img loading=\"lazy\" decoding=\"async\" class=\"alignleft size-medium wp-image-1226923\" src=\"https:\/\/www.acapulco.press\/wp-content\/uploads\/2021\/05\/SUSPEG-TAJA2-375x250.jpeg\" alt=\"\" width=\"375\" height=\"250\" \/>Mastache, anunciaron su respaldo total al proyecto de Ricardo Taja Ram\u00edrez, candidato de la coalici\u00f3n PRI-PRD a la alcald\u00eda de Acapulco, a quien ofrecieron todo el apoyo de los m\u00e1s de 8 mil trabajadores de las diferentes secciones.<\/p>\n<p style=\"text-align: justify;\">Cansados de la administraci\u00f3n morenista que calificaron como prepotente, grosera y que solo afect\u00f3 a la clase trabajadora al retirarle beneficios y no luchar por sus intereses, Mart\u00ednez Mastache otorg\u00f3 su voto de confianza a Ricardo Taja por ser un hombre de compromisos, trabajo y palabra, asegurando que con \u00e9l la clase trabajadora s\u00ed tendr\u00e1 beneficios en su administraci\u00f3n.<\/p>\n<p style=\"text-align: justify;\"><img loading=\"lazy\" decoding=\"async\" class=\"alignleft size-medium wp-image-1226926\" src=\"https:\/\/www.acapulco.press\/wp-content\/uploads\/2021\/05\/SUSPEG-TAJA5-375x250.jpeg\" alt=\"\" width=\"375\" height=\"250\" \/>\u00abEs momento de tomar una ruta importante y por eso iniciaremos un proceso de convencimiento con las familias de todos nuestros trabajadores. Hemos padecido una administraci\u00f3n prepotente que ha enga\u00f1ado a los sindicalizados y ha sido grosera con los l\u00edderes, queremos ahora que se nos respete, por eso hoy alzamos la mano y la voz a Ricardo Taja, porque \u00e9l s\u00ed trabaja\u00bb.<\/p>\n<p style=\"text-align: justify;\">El candidato de la coalici\u00f3n PRI-PRD, Ricardo Taja Ram\u00edrez, manifest\u00f3 el compromiso que tiene con la clase trabajadora quienes tendr\u00e1n un trato digno y humano.<\/p>\n<p style=\"text-align: justify;\"><img loading=\"lazy\" decoding=\"async\" class=\"alignleft size-medium wp-image-1226925\" src=\"https:\/\/www.acapulco.press\/wp-content\/uploads\/2021\/05\/SUSPEG-TAJA4-375x250.jpeg\" alt=\"\" width=\"375\" height=\"250\" \/>\u00abCon humildad y los pies en la tierra les dar\u00e9 un trato humano para que juntos saquemos adelante a Acapulco, har\u00e9 dos veces a la semana desayunos con cada \u00e1rea y llevar\u00e9 beneficios a los trabajadores m\u00e1s cumplidos, entregar\u00e9 bonos econ\u00f3micos, estar\u00e9 cerca de ellos y buscar\u00e9 mecanismos para darle soluci\u00f3n al problema del ISSSPEG\u00bb, se\u00f1al\u00f3.<\/p>\n<p style=\"text-align: justify;\">Taja Ram\u00edrez dijo que ser\u00e1 el mejor presidente municipal de la historia para que lo recuerden bien y para esto es necesario tener buenas relaciones con el Estado y la Federaci\u00f3n.<\/p>\n<p style=\"text-align: justify;\">Resalt\u00f3 algunos de los acuerdos que tiene con el candidato a la gubernatura de Guerrero, Mario Moreno Arcos, como la b\u00fasqueda en conjunto de una naviera, arreglar las 20 plantas tratadoras de agua, tener solo a expertos en la CAPAMA, reactivar vuelos y la construcci\u00f3n de parques ecotur\u00edsticos entre otros.<\/p>\n<p style=\"text-align: justify;\">\u00abAcapulco y Guerrero no est\u00e1n para improvisaciones, necesitamos de expertos y especialistas, quiero ayudar a Acapulco, pero necesito de la mano a un Gobernador para poder cumplir con todos los compromisos\u00bb.<\/p>\n<p style=\"text-align: justify;\">\n","protected":false},"excerpt":{"rendered":"<p>] ACAPULCO. &#8216; 7 de mayo de 2021. ) Especial. Los doce secretarios generales del SUSPEG en Acapulco, encabezados por su dirigente estatal David Mart\u00ednez Mastache, anunciaron su respaldo total al proyecto de Ricardo Taja Ram\u00edrez, candidato de la coalici\u00f3n PRI-PRD a la alcald\u00eda de Acapulco, a quien ofrecieron todo el apoyo de los m\u00e1s&#8230;<\/p>\n","protected":false},"author":2,"featured_media":1226922,"comment_status":"closed","ping_status":"closed","sticky":false,"template":"","format":"standard","meta":{"footnotes":""},"categories":[1997],"tags":[5938,6981,14895,15606,16948],"class_list":["post-1226917","post","type-post","status-publish","format-standard","has-post-thumbnail","hentry","category-noticias-destacadas","tag-coalicion-pri-prd","tag-david-martinez-mastache","tag-presidencia-de-acapulco","tag-ricardo-taja-ramirez","tag-suspeg"],"_links":{"self":[{"href":"https:\/\/www.acapulcopress.com\/index.php\/wp-json\/wp\/v2\/posts\/1226917","targetHints":{"allow":["GET"]}}],"collection":[{"href":"https:\/\/www.acapulcopress.com\/index.php\/wp-json\/wp\/v2\/posts"}],"about":[{"href":"https:\/\/www.acapulcopress.com\/index.php\/wp-json\/wp\/v2\/types\/post"}],"author":[{"embeddable":true,"href":"https:\/\/www.acapulcopress.com\/index.php\/wp-json\/wp\/v2\/users\/2"}],"replies":[{"embeddable":true,"href":"https:\/\/www.acapulcopress.com\/index.php\/wp-json\/wp\/v2\/comments?post=1226917"}],"version-history":[{"count":0,"href":"https:\/\/www.acapulcopress.com\/index.php\/wp-json\/wp\/v2\/posts\/1226917\/revisions"}],"wp:featuredmedia":[{"embeddable":true,"href":"https:\/\/www.acapulcopress.com\/index.php\/wp-json\/"}],"wp:attachment":[{"href":"https:\/\/www.acapulcopress.com\/index.php\/wp-json\/wp\/v2\/media?parent=1226917"}],"wp:term":[{"taxonomy":"category","embeddable":true,"href":"https:\/\/www.acapulcopress.com\/index.php\/wp-json\/wp\/v2\/categories?post=1226917"},{"taxonomy":"post_tag","embeddable":true,"href":"https:\/\/www.acapulcopress.com\/index.php\/wp-json\/wp\/v2\/tags?post=1226917"}],"curies":[{"name":"wp","href":"https:\/\/api.w.org\/{rel}","templated":true}]}}