{"id":1226929,"date":"2021-05-08T01:15:11","date_gmt":"2021-05-08T06:15:11","guid":{"rendered":"https:\/\/www.acapulco.press\/?p=1226929"},"modified":"2021-05-08T01:15:11","modified_gmt":"2021-05-08T06:15:11","slug":"exhorta-gobernador-a-guerrerenses-a-celebrar-a-las-madres-con-responsabilidad","status":"publish","type":"post","link":"https:\/\/www.acapulcopress.com\/index.php\/2021\/05\/08\/exhorta-gobernador-a-guerrerenses-a-celebrar-a-las-madres-con-responsabilidad\/","title":{"rendered":"Exhorta Gobernador a guerrerenses a celebrar a las madres con responsabilidad"},"content":{"rendered":"<p style=\"text-align: justify;\">] ACAPULCO. &#8216; 7 de mayo de 2021.<br \/>\n<em>) Gobierno de Guerrero.<\/em><\/p>\n<p style=\"text-align: justify;\">El gobernador H\u00e9ctor Astudillo Flores hizo un llamado a la poblaci\u00f3n para celebrar el 10 de mayo con responsabilidad, sin olvidar los protocolos sanitarios y con todas las precauciones, esto para coadyuvar a que Guerrero siga esa ruta de estabilidad en cuanto a los \u00edndices relacionados con el Covid-19.<\/p>\n<p>Asimismo anunci\u00f3 que este a\u00f1o s\u00ed estar\u00e1n abiertos los panteones, por lo que se le pide a quienes acudan a visitarlos, que eviten aglomeraciones.<\/p>\n<p style=\"text-align: justify;\">Durante la transmisi\u00f3n diaria sobre la situaci\u00f3n que guarda la entidad en relaci\u00f3n al Covid-19, el mandatario anunci\u00f3 que este s\u00e1bado sostendr\u00e1 una reuni\u00f3n con las y los presidentes municipales, para establecer una serie de recomendaciones en torno a la celebraci\u00f3n del D\u00eda de las Madres, reconociendo que representa un tema de gran importancia.<\/p>\n<p style=\"text-align: justify;\">\u201cLamentablemente la pandemia todav\u00eda est\u00e1 y hay que cuidarnos mucho. Si bien es cierto que hemos disminuido en nuestros n\u00fameros de calificaci\u00f3n, vamos a la baja, pero tambi\u00e9n es cierto que tenemos que seguirnos cuidando. Entonces el d\u00eda de las madres hay que cuidar varios puntos, especialmente los panteones, que luego ah\u00ed se re\u00fanen los familiares\u201d, se\u00f1al\u00f3.<\/p>\n<p style=\"text-align: justify;\">Confi\u00f3 en que este fin de semana y el pr\u00f3ximo lunes, transcurra todo en normalidad.<\/p>\n<p style=\"text-align: justify;\">Insisti\u00f3 en que el cuidado a la familia es prioritario para evitar contagios por Covid-19 y record\u00f3 que a diferencia del a\u00f1o pasado, en esta ocasi\u00f3n s\u00ed habr\u00e1 acceso a los panteones, pero siempre con las medidas necesarias.<\/p>\n<p style=\"text-align: justify;\">Hizo hincapi\u00e9 en que a\u00fan cuando los panteones estar\u00e1n abiertos, los asistentes deber\u00e1n evitar generar aglomeraciones y consumir alimentos y bebidas alcoh\u00f3licas al interior de los mismos; adem\u00e1s de que en todo momento deber\u00e1n usar cubrebocas y mantener la sana distancia.<\/p>\n<p style=\"text-align: justify;\">En otros temas, el mandatario estatal dijo que en los pr\u00f3ximos d\u00edas, ya sea el domingo o lunes, se dar\u00e1 a conocer de manera espec\u00edfica c\u00f3mo se llevar\u00e1 a cabo el proceso de vacunaci\u00f3n de los maestros de la entidad. \u201cEste es un programa extraordinario, dentro del Plan Nacional de Vacunaci\u00f3n, el plan de los maestros o vacunar a los maestros, es un plan extraordinario. Vamos a tratar de tener todo muy bien controlado, asegurado para poder dar a conocer las fechas\u201d, dijo.<\/p>\n<p style=\"text-align: justify;\">En este sentido el delegado en Guerrero de los programas federales, Iv\u00e1n Hern\u00e1ndez, coincidi\u00f3 con el gobernador al se\u00f1alar el esfuerzo que esto significa, adem\u00e1s de que cualquier anuncio relacionado con este tema, ser\u00e1 en funci\u00f3n de disponibilidad del biol\u00f3gico. \u201cReitero lo que comenta el gobernador, va a estar en funci\u00f3n de que tengamos en Guerrero las vacunas para el magisterio\u201d, indic\u00f3.<\/p>\n<p style=\"text-align: justify;\">Asimismo invit\u00f3 a los docentes a verificar que est\u00e9n adscriptos al padr\u00f3n establecido para la vacunaci\u00f3n. Para ello se habilit\u00f3 la p\u00e1gina http:\/\/serviciospersonal.seg.gob.mx\/vacunacion\/busqueda , en donde tambi\u00e9n podr\u00e1n descargar el documento con el que se van a presentar en los puntos de vacunaci\u00f3n, una vez que se haga el anuncio oficial.<\/p>\n<p style=\"text-align: justify;\">Tambi\u00e9n dio a conocer que dada la buena afluencia y organizaci\u00f3n en Acapulco, se est\u00e1 en condiciones de que este s\u00e1bado se ampl\u00ede el servicio a las personas con apellido con la letra R; de tal manera que adem\u00e1s de las letras N, \u00d1, O, P y Q, tambi\u00e9n se atender\u00e1 a la R. Como dato adicional, inform\u00f3 que como parte del proceso de vacunaci\u00f3n, a nivel estado este jueves se inocul\u00f3 a 24 mil 526 personas, lo que habla de que hay un buen ritmo en el proceso.<\/p>\n<p style=\"text-align: justify;\"><strong>Los datos del Covid-19 en la entidad<\/strong><\/p>\n<p style=\"text-align: justify;\">Para concluir, el secretario de Salud, Carlos de la Pe\u00f1a Pintos destac\u00f3 que de enero a la fecha ha habido una importante disminuci\u00f3n en el n\u00famero diario de ingresos a hospitales por Covid, de tal manera que del primer mes del a\u00f1o pas\u00f3 de 42 ingresos a s\u00f3lo 10 en lo que va de mayo.<\/p>\n<p style=\"text-align: justify;\">En cuanto a casos acumulados, el estado presente 40 mil 61 y 4 mil 361 decesos; hay 66 casos nuevos y 492 activos. En cuanto a defunciones, en el mes se ha presentado un promedio de 6.5 diarios. Mientras que en hospitalizaci\u00f3n, hay un 17 por ciento, por arriba de la media nacional que es de 11 por ciento; y en ocupaci\u00f3n de ventiladores, hay un 13 por ciento, por debajo de la media nacional que es de 17.<\/p>\n<p style=\"text-align: justify;\">En esta emisi\u00f3n tambi\u00e9n estuvo presente el responsable del programa de vacunaci\u00f3n para el magisterio, Ram\u00f3n C\u00e1rdenas.<\/p>\n","protected":false},"excerpt":{"rendered":"<p>] ACAPULCO. &#8216; 7 de mayo de 2021. ) Gobierno de Guerrero. El gobernador H\u00e9ctor Astudillo Flores hizo un llamado a la poblaci\u00f3n para celebrar el 10 de mayo con responsabilidad, sin olvidar los protocolos sanitarios y con todas las precauciones, esto para coadyuvar a que Guerrero siga esa ruta de estabilidad en cuanto a&#8230;<\/p>\n","protected":false},"author":2,"featured_media":1226930,"comment_status":"closed","ping_status":"closed","sticky":false,"template":"","format":"standard","meta":{"footnotes":""},"categories":[2058,1988],"tags":[7180],"class_list":["post-1226929","post","type-post","status-publish","format-standard","has-post-thumbnail","hentry","category-festivales-y-tradiciones","category-lifestyles","tag-dia-de-las-madres"],"_links":{"self":[{"href":"https:\/\/www.acapulcopress.com\/index.php\/wp-json\/wp\/v2\/posts\/1226929","targetHints":{"allow":["GET"]}}],"collection":[{"href":"https:\/\/www.acapulcopress.com\/index.php\/wp-json\/wp\/v2\/posts"}],"about":[{"href":"https:\/\/www.acapulcopress.com\/index.php\/wp-json\/wp\/v2\/types\/post"}],"author":[{"embeddable":true,"href":"https:\/\/www.acapulcopress.com\/index.php\/wp-json\/wp\/v2\/users\/2"}],"replies":[{"embeddable":true,"href":"https:\/\/www.acapulcopress.com\/index.php\/wp-json\/wp\/v2\/comments?post=1226929"}],"version-history":[{"count":0,"href":"https:\/\/www.acapulcopress.com\/index.php\/wp-json\/wp\/v2\/posts\/1226929\/revisions"}],"wp:featuredmedia":[{"embeddable":true,"href":"https:\/\/www.acapulcopress.com\/index.php\/wp-json\/"}],"wp:attachment":[{"href":"https:\/\/www.acapulcopress.com\/index.php\/wp-json\/wp\/v2\/media?parent=1226929"}],"wp:term":[{"taxonomy":"category","embeddable":true,"href":"https:\/\/www.acapulcopress.com\/index.php\/wp-json\/wp\/v2\/categories?post=1226929"},{"taxonomy":"post_tag","embeddable":true,"href":"https:\/\/www.acapulcopress.com\/index.php\/wp-json\/wp\/v2\/tags?post=1226929"}],"curies":[{"name":"wp","href":"https:\/\/api.w.org\/{rel}","templated":true}]}}