{"id":1226936,"date":"2021-05-08T01:24:32","date_gmt":"2021-05-08T06:24:32","guid":{"rendered":"https:\/\/www.acapulco.press\/?p=1226936"},"modified":"2021-05-08T01:24:32","modified_gmt":"2021-05-08T06:24:32","slug":"evalua-gobernador-organizacion-y-logistica-de-vacunacion-al-sector-educativo","status":"publish","type":"post","link":"https:\/\/www.acapulcopress.com\/index.php\/2021\/05\/08\/evalua-gobernador-organizacion-y-logistica-de-vacunacion-al-sector-educativo\/","title":{"rendered":"Eval\u00faa Gobernador organizaci\u00f3n y log\u00edstica de vacunaci\u00f3n al sector educativo"},"content":{"rendered":"<p style=\"text-align: justify;\">] ACAPULCO. &#8216; 7 de mayo de 2021.<br \/>\n) Gobierno de Guerrero.<\/p>\n<p style=\"text-align: justify;\">El gobernador H\u00e9ctor Astudillo Flores, encabez\u00f3 la reuni\u00f3n de trabajo para dar seguimiento y alistar la jornada para la aplicaci\u00f3n de vacunas contra el COVID-19 a m\u00e1s de 100 mil docentes, personal administrativo y de intendencia del sector educativo en Guerrero con el prop\u00f3sito de realizar un proceso ordenado, eficiente y cumplir de forma con las metas establecidas.<\/p>\n<p style=\"text-align: justify;\">\u00abLas cosas van avanzando, tiene que salir bien. La proyecci\u00f3n del n\u00famero a personal del magisterio rebasan los 100 mil maestros y trabajadores del sector educativo, nosotros estaremos listos para esta jornada de vacunaci\u00f3n\u00bb, expres\u00f3 Astudillo Flores, posterior a la sesi\u00f3n de trabajo de seguridad de la Mesa para la Construcci\u00f3n de la Paz.<\/p>\n<p style=\"text-align: justify;\">La coordinadora Estatal del Plan de Vacunaci\u00f3n, la Capit\u00e1n de Corbeta Margarita Hern\u00e1ndez Hern\u00e1ndez, junto con el gobernador evaluaron el panorama actual de vacunaci\u00f3n, as\u00ed como los preparativos para inmunizar al personal educativo en Guerrero donde est\u00e1n involucradas distintas instituciones federales y estatales.<\/p>\n<p style=\"text-align: justify;\">La Coordinadora Estatal del Plan de Vacunaci\u00f3n, Capit\u00e1n Margarita Hern\u00e1ndez, explic\u00f3 el despliegue que habr\u00e1 de realizarse del 11 al 14 de mayo para vacunar a cerca de 100 mil personas pertenecientes al sector educativo en Guerrero que ser\u00e1n convocados por la SEG organizados en orden alfab\u00e9tico de la primera letra de su apellido paterno, sin embargo, puntualiz\u00f3 que la convocatoria sera emitida siempre y cuando las vacunas est\u00e9n listas.<br \/>\nLa Teniente de Corbeta, X\u00f3chitl Huitzil Alor, Coordinadora Suplente del Plan de Vacunaci\u00f3n, expuso que dentro de este proceso extraordinario para la aplicaci\u00f3n de vacunas a maestros y personal administrativos e intendente del sector educativo se tiene contemplado el suministro de las dosis a 101 mil 379 trabajadores en Guerrero.<\/p>\n<p style=\"text-align: justify;\">Este proceso de vacunaci\u00f3n para maestros es un proceso extraordinario que se lleva acabo de manera simult\u00e1nea con la vacunaci\u00f3n por grupos programados en la aplicaci\u00f3n de segundas dosis de 60 y m\u00e1s, as\u00ed como las primeras dosis del rango de 50 a 59 a\u00f1os, por lo que se emitir la convocatoria para informar el proceso y los puntos de vacunaci\u00f3n donde ser\u00e1 aplicada la vacuna contra el COVID-19.<\/p>\n<p style=\"text-align: justify;\">En la reuni\u00f3n se trabajo se dio seguimiento a las tareas asignadas por las distintas instituciones, as\u00ed como a la integraci\u00f3n de equipos de trabajo para unir esfuerzos para el desarrollo de este proceso de vacunaci\u00f3n. Adem\u00e1s se inform\u00f3 que por parte de la Secretar\u00eda de Educaci\u00f3n Guerrero, se tiene un avance del cien por ciento de la compra del material requerido para la aplicaci\u00f3n de la dosis para la inmunidad del personal magisterial en los puntos establecidos en Acapulco.<\/p>\n<p style=\"text-align: justify;\">Por su parte, el Secretario de Administraci\u00f3n y Finanzas, Tulio P\u00e9rez Calvo, inform\u00f3 que por instrucciones del Gobernador H\u00e9ctor Astudillo Flores, se brinda el apoyo de alimentaci\u00f3n, hidrataci\u00f3n e insumos en cada uno de los macro puntos que estar\u00e1n establecidos en la jornada de vacunaci\u00f3n al sector educativo.<\/p>\n<p style=\"text-align: justify;\">Participaron la Teniente Enfermera Mar\u00eda Elena Hinojosa Aveda\u00f1o, asesora T\u00e9cnica de Vacunaci\u00f3n, as\u00ed como Director de Programas Especiales de la Subsecretar\u00eda de Educaci\u00f3n P\u00fablica Federal, Ram\u00f3n C\u00e1rdenas Villarreal, as\u00ed como el Comandante de la Octava Regi\u00f3n Naval, Julio C\u00e9sar Pescina \u00c1vila, el Comandante de la Novena Regi\u00f3n Militar, Eufemio Ibarra Flores, el Secretario General de Gobierno, Florencio Salazar Adame, el Fiscal General del Estado, Jorge Zuriel de los Santos, el Secretario de Salud, Carlos de la Pe\u00f1a, el Delegado Federal en Guerrero, Iv\u00e1n Hern\u00e1ndez D\u00edaz, entre otros integrantes de la Mesa de Coordinaci\u00f3n para la Construcci\u00f3n de la Paz.<\/p>\n","protected":false},"excerpt":{"rendered":"<p>] ACAPULCO. &#8216; 7 de mayo de 2021. ) Gobierno de Guerrero. El gobernador H\u00e9ctor Astudillo Flores, encabez\u00f3 la reuni\u00f3n de trabajo para dar seguimiento y alistar la jornada para la aplicaci\u00f3n de vacunas contra el COVID-19 a m\u00e1s de 100 mil docentes, personal administrativo y de intendencia del sector educativo en Guerrero con el&#8230;<\/p>\n","protected":false},"author":2,"featured_media":1226942,"comment_status":"closed","ping_status":"closed","sticky":false,"template":"","format":"standard","meta":{"footnotes":""},"categories":[18573,1983],"tags":[6705,9302,9705,12964,16421],"class_list":["post-1226936","post","type-post","status-publish","format-standard","has-post-thumbnail","hentry","category-goverment","category-guerrerogob","tag-covid19","tag-gobierno-de-guerrero","tag-hector-astudillo-flores","tag-mesa-de-coordinacion-para-la-construccion-de-la-paz","tag-semaforo-de-riesgo-covid19"],"_links":{"self":[{"href":"https:\/\/www.acapulcopress.com\/index.php\/wp-json\/wp\/v2\/posts\/1226936","targetHints":{"allow":["GET"]}}],"collection":[{"href":"https:\/\/www.acapulcopress.com\/index.php\/wp-json\/wp\/v2\/posts"}],"about":[{"href":"https:\/\/www.acapulcopress.com\/index.php\/wp-json\/wp\/v2\/types\/post"}],"author":[{"embeddable":true,"href":"https:\/\/www.acapulcopress.com\/index.php\/wp-json\/wp\/v2\/users\/2"}],"replies":[{"embeddable":true,"href":"https:\/\/www.acapulcopress.com\/index.php\/wp-json\/wp\/v2\/comments?post=1226936"}],"version-history":[{"count":0,"href":"https:\/\/www.acapulcopress.com\/index.php\/wp-json\/wp\/v2\/posts\/1226936\/revisions"}],"wp:featuredmedia":[{"embeddable":true,"href":"https:\/\/www.acapulcopress.com\/index.php\/wp-json\/"}],"wp:attachment":[{"href":"https:\/\/www.acapulcopress.com\/index.php\/wp-json\/wp\/v2\/media?parent=1226936"}],"wp:term":[{"taxonomy":"category","embeddable":true,"href":"https:\/\/www.acapulcopress.com\/index.php\/wp-json\/wp\/v2\/categories?post=1226936"},{"taxonomy":"post_tag","embeddable":true,"href":"https:\/\/www.acapulcopress.com\/index.php\/wp-json\/wp\/v2\/tags?post=1226936"}],"curies":[{"name":"wp","href":"https:\/\/api.w.org\/{rel}","templated":true}]}}