{"id":1226944,"date":"2021-05-08T19:21:27","date_gmt":"2021-05-09T00:21:27","guid":{"rendered":"https:\/\/www.acapulco.press\/?p=1226944"},"modified":"2021-05-08T19:21:27","modified_gmt":"2021-05-09T00:21:27","slug":"sectores-del-magisterio-y-salud-apoyan-a-mario-moreno-para-gobernador-de-guerrero","status":"publish","type":"post","link":"https:\/\/www.acapulcopress.com\/index.php\/2021\/05\/08\/sectores-del-magisterio-y-salud-apoyan-a-mario-moreno-para-gobernador-de-guerrero\/","title":{"rendered":"Sectores del magisterio y salud apoyan a Mario Moreno para Gobernador de Guerrero"},"content":{"rendered":"<p style=\"text-align: justify;\">] CHILPANCINGO. &#8216; 7 de mayo de 2021.<br \/>\n<em>) Especial.<\/em><\/p>\n<p style=\"text-align: justify;\">El candidato de la alianza PRI\/PRD Mario Moreno Arcos recibi\u00f3 este s\u00e1bado el respaldo y apoyo de profesores, m\u00e9dicos, enfermeras y trabajadores en general de ambos sectores, los que coincidieron en se\u00f1alarle que \u201custed representa un gobierno serio y responsable, pero adem\u00e1s porque est\u00e1 en juego el futuro del estado\u201d, le dijeron.<\/p>\n<p style=\"text-align: justify;\"><img loading=\"lazy\" decoding=\"async\" class=\"alignleft size-medium wp-image-1226968\" src=\"https:\/\/www.acapulco.press\/wp-content\/uploads\/2021\/05\/MARIO-salud12-375x375.jpeg\" alt=\"\" width=\"375\" height=\"375\" \/>Acompa\u00f1ado de su esposa Enei Bustamante, en el encuentro con maestros y maestras de todas las regiones del estado, Moreno Arcos firm\u00f3 una serie de compromisos en beneficio de la educaci\u00f3n, donde convoc\u00f3 a todos para participar \u201cdecididos\u201d con la alianza que \u00e9l representa.<\/p>\n<p style=\"text-align: justify;\">Entre algunos de los compromisos que asumi\u00f3 con el magisterio de Guerrero, destacan, la gesti\u00f3n ante la federaci\u00f3n para la incorporaci\u00f3n de todos los trabajadores no FONE, regularizaci\u00f3n de claves directivas, crear el sistema de regularizaci\u00f3n del magisterio, apoyar a los docentes con la digitalizaci\u00f3n escolar.<\/p>\n<p style=\"text-align: justify;\">Moreno Arcos buscar\u00e1 adem\u00e1s fortalecer los centros de servicios educativos de cada una de las siete regiones del estado, y fundar un centro virtual permanente para la capacitaci\u00f3n de la planta docente, adem\u00e1s de integrar todas <img loading=\"lazy\" decoding=\"async\" class=\"alignleft size-medium wp-image-1226965\" src=\"https:\/\/www.acapulco.press\/wp-content\/uploads\/2021\/05\/MARIO-salud9-375x375.jpeg\" alt=\"\" width=\"375\" height=\"375\" \/>las oficinas de la administraci\u00f3n de la educaci\u00f3n.<\/p>\n<p style=\"text-align: justify;\">Asimismo, mencion\u00f3 de su inter\u00e9s de gestionar plazas estatales para las OPD&#8217;S, fortalecer la educaci\u00f3n ind\u00edgena, otorgar de manera gratuita uniformes y \u00fatiles escolares a los ni\u00f1os y ni\u00f1as; mismos que ser\u00e1n confeccionados por manos guerrerenses; ampliar la oferta educativa en l\u00ednea entre otros m\u00e1s.<\/p>\n<p style=\"text-align: justify;\">David Mart\u00ednez Mastache, secretario general del SUSPEG, expres\u00f3 el respaldo que los maestros dar\u00e1n al proyecto de Mario Moreno, pues \u00absabemos que respetas a las instituciones y leyes, eres un hombre de un proyecto serio\u00bb le dijo.<\/p>\n<p style=\"text-align: justify;\">Por la ma\u00f1ana en el teatro hundido de la Alameda Central de Chilpancingo, Mario Moreno se reuni\u00f3 con los l\u00edderes del sector salud, a quienes expres\u00f3 su apoyo para garantizar la <img loading=\"lazy\" decoding=\"async\" class=\"alignleft size-medium wp-image-1226955\" src=\"https:\/\/www.acapulco.press\/wp-content\/uploads\/2021\/05\/MARIO-MAGISTERIO9-375x250.jpeg\" alt=\"\" width=\"375\" height=\"250\" \/>dotaci\u00f3n de medicamentos en todas las cl\u00ednicas, hospitales y casas de salud, abordar el tema de la profesionalizaci\u00f3n, as\u00ed como la formalizaci\u00f3n laboral de los trabajadores de salud.<\/p>\n<p style=\"text-align: justify;\">A nombre de los m\u00e9dicos y especialistas del sector salud, Sergio Barrera, indic\u00f3 que ellos han padecido los estragos de la pandemia, que a nivel federal le dieron, dijo \u201cun manejo ca\u00f3tico\u00bb por parte de las autoridades y lament\u00f3 que: \u00abprimero nos llamaron h\u00e9roes y despu\u00e9s nos abandonaron a nuestra suerte\u00bb.<\/p>\n<p style=\"text-align: justify;\">Y abund\u00f3: \u201cPor ello M\u00e9xico anda en los tres primeros lugares una de las tasas de mortalidad del personal de salud m\u00e1s alta a nivel mundial. Son unos cobardes en el gobierno federal, no nos quisieron vacunar me consta tener compa\u00f1eros del sector p\u00fablico que est\u00e1n en lugares rurales que murieron sin vacunarse, eso es una cobard\u00eda, es una negligencia y los m\u00e9dicos del personal de salud estamos molestos y vamos a tomar acci\u00f3n el 6 de junio\u201d.<\/p>\n<p style=\"text-align: justify;\">El doctor Barrera dijo finalmente: \u201ceso tenemos que reclamarlo decididamente el 6 de junio votando por la alianza. Por Mario Moreno Arcos para la gubernatura de Guerrero, Betty V\u00e9lez a la diputaci\u00f3n federal y Fernando Calixto, a la diputaci\u00f3n local\u201d.<\/p>\n\n","protected":false},"excerpt":{"rendered":"<p>] CHILPANCINGO. &#8216; 7 de mayo de 2021. ) Especial. El candidato de la alianza PRI\/PRD Mario Moreno Arcos recibi\u00f3 este s\u00e1bado el respaldo y apoyo de profesores, m\u00e9dicos, enfermeras y trabajadores en general de ambos sectores, los que coincidieron en se\u00f1alarle que \u201custed representa un gobierno serio y responsable, pero adem\u00e1s porque est\u00e1 en&#8230;<\/p>\n","protected":false},"author":2,"featured_media":1226945,"comment_status":"closed","ping_status":"closed","sticky":false,"template":"","format":"standard","meta":{"footnotes":""},"categories":[2053,1972],"tags":[2914,5941,7957,8794,12685,16948],"class_list":["post-1226944","post","type-post","status-publish","format-standard","has-post-thumbnail","hentry","category-elecciones-special","category-special","tag-vaxguerrero","tag-coalicion-pri-prd-eleccion-guerrero-2021","tag-enei-bustamante-de-moreno","tag-fone","tag-mario-moreno-arcos","tag-suspeg"],"_links":{"self":[{"href":"https:\/\/www.acapulcopress.com\/index.php\/wp-json\/wp\/v2\/posts\/1226944","targetHints":{"allow":["GET"]}}],"collection":[{"href":"https:\/\/www.acapulcopress.com\/index.php\/wp-json\/wp\/v2\/posts"}],"about":[{"href":"https:\/\/www.acapulcopress.com\/index.php\/wp-json\/wp\/v2\/types\/post"}],"author":[{"embeddable":true,"href":"https:\/\/www.acapulcopress.com\/index.php\/wp-json\/wp\/v2\/users\/2"}],"replies":[{"embeddable":true,"href":"https:\/\/www.acapulcopress.com\/index.php\/wp-json\/wp\/v2\/comments?post=1226944"}],"version-history":[{"count":0,"href":"https:\/\/www.acapulcopress.com\/index.php\/wp-json\/wp\/v2\/posts\/1226944\/revisions"}],"wp:featuredmedia":[{"embeddable":true,"href":"https:\/\/www.acapulcopress.com\/index.php\/wp-json\/"}],"wp:attachment":[{"href":"https:\/\/www.acapulcopress.com\/index.php\/wp-json\/wp\/v2\/media?parent=1226944"}],"wp:term":[{"taxonomy":"category","embeddable":true,"href":"https:\/\/www.acapulcopress.com\/index.php\/wp-json\/wp\/v2\/categories?post=1226944"},{"taxonomy":"post_tag","embeddable":true,"href":"https:\/\/www.acapulcopress.com\/index.php\/wp-json\/wp\/v2\/tags?post=1226944"}],"curies":[{"name":"wp","href":"https:\/\/api.w.org\/{rel}","templated":true}]}}