{"id":1226987,"date":"2021-05-10T23:17:13","date_gmt":"2021-05-11T04:17:13","guid":{"rendered":"https:\/\/www.acapulco.press\/?p=1226987"},"modified":"2021-05-10T23:17:13","modified_gmt":"2021-05-11T04:17:13","slug":"congreso-de-la-union-llamara-a-cuentas-a-marcelo-ebrard-anuncia-senador-anorve","status":"publish","type":"post","link":"https:\/\/www.acapulcopress.com\/index.php\/2021\/05\/10\/congreso-de-la-union-llamara-a-cuentas-a-marcelo-ebrard-anuncia-senador-anorve\/","title":{"rendered":"Congreso de la Uni\u00f3n llamar\u00e1n a cuentas a Marcelo Ebrard, anuncia Senador A\u00f1orve"},"content":{"rendered":"<p style=\"text-align: justify;\">] ACAPULCO. &#8216; 10 de mayo de 2021.<br \/>\n<em>) Especial.<br \/>\n<\/em><br \/>\nEl Senador de la Rep\u00fablica Manuel A\u00f1orve Ba\u00f1os, inform\u00f3 que presentar\u00e1 en la Comisi\u00f3n Permanente del Congreso de la Uni\u00f3n, un punto de acuerdo para que el Secretario de Relaciones Exteriores, Marcelo Ebrard Casaub\u00f3n, comparezca y explique las fallas en la construcci\u00f3n de la l\u00ednea 12 del Metro.<\/p>\n<p style=\"text-align: justify;\">A\u00f1orve Ba\u00f1os, record\u00f3 que esta obra se realiz\u00f3 en el periodo en que el hoy titular de la Secretar\u00eda de Relaciones Exteriores, fue Jefe de Gobierno de la Ciudad de M\u00e9xico, por ello la importancia de que comparezca y explique este delicado tema, que provoc\u00f3 la muerte de 26 personas inocentes y ha dejado mucho dolor en sus familias.<\/p>\n<p style=\"text-align: justify;\">El Senador A\u00f1orve, dijo que desde el inicio, la construcci\u00f3n present\u00f3 anomal\u00edas, no s\u00f3lo financieras, pues present\u00f3 un sobrecosto, ya que en un principio la cifra estimada era de 17 mil millones y termin\u00f3 costando 22,500 millones de pesos, si no en todo el proceso de dise\u00f1o y construcci\u00f3n.<\/p>\n<p style=\"text-align: justify;\">El legislador, tambi\u00e9n critic\u00f3 que la obra de la l\u00ednea 12 del Metro, no cont\u00f3 con un proyecto ejecutivo y estuvo plagada de malas decisiones del gobierno en turno, encabezado por Marcelo Ebrard.<\/p>\n<p style=\"text-align: justify;\">Manuel A\u00f1orve asegur\u00f3 que, por las prisas de poder inaugurarla antes de terminar su encargo, Marcelo Ebrard conden\u00f3 al fracaso a esta l\u00ednea del metro, que desde el d\u00eda 1 ha tenido muchos problemas y cierres temporales.<\/p>\n<p style=\"text-align: justify;\">Por si fuera poco, luego del sismo del 19 de septiembre de 2017, vecinos, usuarios y hasta el propio Metro alertaron de peligrosas grietas en algunas columnas del tramo elevado de la l\u00ednea 12, por lo que fue necesario cerrar de nueva cuenta seis estaciones en el tramo elevado.<\/p>\n","protected":false},"excerpt":{"rendered":"<p>] ACAPULCO. &#8216; 10 de mayo de 2021. ) Especial. El Senador de la Rep\u00fablica Manuel A\u00f1orve Ba\u00f1os, inform\u00f3 que presentar\u00e1 en la Comisi\u00f3n Permanente del Congreso de la Uni\u00f3n, un punto de acuerdo para que el Secretario de Relaciones Exteriores, Marcelo Ebrard Casaub\u00f3n, comparezca y explique las fallas en la construcci\u00f3n de la l\u00ednea&#8230;<\/p>\n","protected":false},"author":2,"featured_media":1226988,"comment_status":"closed","ping_status":"closed","sticky":false,"template":"","format":"standard","meta":{"footnotes":""},"categories":[1969],"tags":[11988,12365,12448,13297],"class_list":["post-1226987","post","type-post","status-publish","format-standard","has-post-thumbnail","hentry","category-trending","tag-linea-12-del-metro","tag-manuel-anorve-baanos","tag-marcelo-ebrard-casaubon","tag-morena"],"_links":{"self":[{"href":"https:\/\/www.acapulcopress.com\/index.php\/wp-json\/wp\/v2\/posts\/1226987","targetHints":{"allow":["GET"]}}],"collection":[{"href":"https:\/\/www.acapulcopress.com\/index.php\/wp-json\/wp\/v2\/posts"}],"about":[{"href":"https:\/\/www.acapulcopress.com\/index.php\/wp-json\/wp\/v2\/types\/post"}],"author":[{"embeddable":true,"href":"https:\/\/www.acapulcopress.com\/index.php\/wp-json\/wp\/v2\/users\/2"}],"replies":[{"embeddable":true,"href":"https:\/\/www.acapulcopress.com\/index.php\/wp-json\/wp\/v2\/comments?post=1226987"}],"version-history":[{"count":0,"href":"https:\/\/www.acapulcopress.com\/index.php\/wp-json\/wp\/v2\/posts\/1226987\/revisions"}],"wp:featuredmedia":[{"embeddable":true,"href":"https:\/\/www.acapulcopress.com\/index.php\/wp-json\/"}],"wp:attachment":[{"href":"https:\/\/www.acapulcopress.com\/index.php\/wp-json\/wp\/v2\/media?parent=1226987"}],"wp:term":[{"taxonomy":"category","embeddable":true,"href":"https:\/\/www.acapulcopress.com\/index.php\/wp-json\/wp\/v2\/categories?post=1226987"},{"taxonomy":"post_tag","embeddable":true,"href":"https:\/\/www.acapulcopress.com\/index.php\/wp-json\/wp\/v2\/tags?post=1226987"}],"curies":[{"name":"wp","href":"https:\/\/api.w.org\/{rel}","templated":true}]}}